{"id":26017,"date":"2020-01-31T18:28:38","date_gmt":"2020-01-31T18:28:38","guid":{"rendered":"http:\/\/pldaldia.com\/portada\/?p=26017"},"modified":"2020-01-31T18:28:38","modified_gmt":"2020-01-31T18:28:38","slug":"mujeres-km-con-domingo","status":"publish","type":"post","link":"https:\/\/pldaldia.com\/portada\/mujeres-km-con-domingo\/","title":{"rendered":"Mujeres KM con Domingo"},"content":{"rendered":"<p>&nbsp;<\/p>\n<p>En encuentro con mujeres Domingo anuncia creaci\u00f3n de un Fondo Verde<\/p>\n<p>El candidato a alcalde del Partido de la Liberaci\u00f3n Dominicana (PLD), Domingo Contreras anunci\u00f3 la creaci\u00f3n de un Fondo Verde con el cual arborizar\u00e1 el Distrito Nacional, al participar en un encuentro organizado por el Comit\u00e9 de Campa\u00f1a de la Circunscripci\u00f3n 1, en el que se congregaron cientos de mujeres de los barrios ubicados en los kil\u00f3metros 8 y 81\/2 de la Carretera S\u00e1nchez en la actividad denominada \u201cMujeres KM con Domingo\u201d, de apoyo al candidato a la alcald\u00eda.<\/p>\n<p>Contreras dijo que el fondo verde que promueve lo har\u00e1 en alianza p\u00fablico \u2013 privada, que ser\u00e1 manejado por el Jard\u00edn Bot\u00e1nico Nacional, con la finalidad de desarrollar peque\u00f1os parques comunitarios y jardines verticales en diferentes zonas de la ciudad, mantener los parques urbanos existentes e implementar un arbolado adecuado en las aceras y los espacios p\u00fablicos, generando un paisaje urbano de calidad.<\/p>\n<p>Tambi\u00e9n contempla la creaci\u00f3n de la figura denominada regente municipal, quien junto a un equipo tendr\u00e1 la labor de atender las necesidades, los problemas y las inquietudes del sector, tramitar\u00e1n los servicios colectivos e impulsar\u00e1n la integraci\u00f3n de la comunidad en la orientaci\u00f3n y educaci\u00f3n c\u00edvica con enfoque de g\u00e9nero; velar\u00e1n por la participaci\u00f3n en el presupuesto participativo y el buen uso de los bienes y servicios p\u00fablicos, entre otros.<\/p>\n<p>Mientras, Rafael Paz candidato a senador por el PLD, en el Distrito Nacional, destac\u00f3 las cualidades que hacen de Domingo el candidato id\u00f3neo para transformar la capital de la Rep\u00fablica Dominicana, luego del triunfo en las elecciones de febrero pr\u00f3ximo.<\/p>\n<p>\u201cDomingo transformar\u00e1 nuestra ciudad en una ciudad para ti. Un alcalde que es un creador de oportunidades, tambi\u00e9n para los j\u00f3venes, las mujeres. Yo creo que los puntos de salud y los puntos culturales son una muestra de lo que \u00e9l puede hacer por nuestra sociedad y eso tiene impactos importantes\u201d, dijo Paz.<\/p>\n<p><img decoding=\"async\" loading=\"lazy\" class=\"alignnone size-large wp-image-26018\" src=\"http:\/\/pldaldia.com\/portada\/wp-content\/uploads\/2020\/01\/Domingo-con-Mujeres.jpg2_-1024x682.jpg\" alt=\"Domingo con Mujeres.jpg2\" width=\"640\" height=\"426\" \/>La actividad Mujeres KM con Domingo se llev\u00f3 a cabo, en horas de la tarde, en el Club del INVI, bajo la coordinaci\u00f3n general del Comit\u00e9 de Campa\u00f1a de la Circunscripci\u00f3n Uno y de Beatriz Ovalle, miembro del Comit\u00e9 Central del PLD, enlace electoral de los Intermedios Omar Torrijos.<\/p>\n<p>En esta actividad particip\u00f3 tambi\u00e9n la diputada y candidata a la misma posici\u00f3n, Sandra Abinader, los regidores Jorge Pacheco, Francisco Regalado, Robert Mart\u00ednez y los presidentes de esos intermedios de esa zona.<\/p>\n","protected":false},"excerpt":{"rendered":"<p>&nbsp; En encuentro con mujeres Domingo anuncia creaci\u00f3n de un Fondo Verde El candidato a alcalde del Partido de la Liberaci\u00f3n Dominicana (PLD), Domingo Contreras anunci\u00f3 la creaci\u00f3n de un Fondo Verde con el cual arborizar\u00e1 el Distrito Nacional, al participar en un encuentro organizado por el Comit\u00e9 de Campa\u00f1a de la Circunscripci\u00f3n 1, en [&hellip;]<\/p>\n","protected":false},"author":1,"featured_media":0,"comment_status":"open","ping_status":"open","sticky":false,"template":"","format":"standard","meta":{"tdm_status":"","tdm_grid_status":"","footnotes":""},"categories":[9],"tags":[],"_links":{"self":[{"href":"https:\/\/pldaldia.com\/portada\/wp-json\/wp\/v2\/posts\/26017"}],"collection":[{"href":"https:\/\/pldaldia.com\/portada\/wp-json\/wp\/v2\/posts"}],"about":[{"href":"https:\/\/pldaldia.com\/portada\/wp-json\/wp\/v2\/types\/post"}],"author":[{"embeddable":true,"href":"https:\/\/pldaldia.com\/portada\/wp-json\/wp\/v2\/users\/1"}],"replies":[{"embeddable":true,"href":"https:\/\/pldaldia.com\/portada\/wp-json\/wp\/v2\/comments?post=26017"}],"version-history":[{"count":0,"href":"https:\/\/pldaldia.com\/portada\/wp-json\/wp\/v2\/posts\/26017\/revisions"}],"wp:attachment":[{"href":"https:\/\/pldaldia.com\/portada\/wp-json\/wp\/v2\/media?parent=26017"}],"wp:term":[{"taxonomy":"category","embeddable":true,"href":"https:\/\/pldaldia.com\/portada\/wp-json\/wp\/v2\/categories?post=26017"},{"taxonomy":"post_tag","embeddable":true,"href":"https:\/\/pldaldia.com\/portada\/wp-json\/wp\/v2\/tags?post=26017"}],"curies":[{"name":"wp","href":"https:\/\/api.w.org\/{rel}","templated":true}]}}