{"id":26021,"date":"2020-01-31T22:21:14","date_gmt":"2020-01-31T22:21:14","guid":{"rendered":"http:\/\/pldaldia.com\/portada\/?p=26021"},"modified":"2020-01-31T22:21:14","modified_gmt":"2020-01-31T22:21:14","slug":"alejandro-herrera-evitemos-un-salto-al-vacio","status":"publish","type":"post","link":"https:\/\/pldaldia.com\/portada\/alejandro-herrera-evitemos-un-salto-al-vacio\/","title":{"rendered":"Alejandro Herrera: Evitemos un salto al vac\u00edo"},"content":{"rendered":"<p>Federico Bencosme en Miches es sin\u00f3nimo de progreso y bienestar<\/p>\n<p>Alejandro Herrera, vicesecretario general del Partido de la Liberaci\u00f3n Dominicana (PLD) confirm\u00f3 la situaci\u00f3n de primac\u00eda de esa organizaci\u00f3n en el Municipio de Miches y en la Provincia del Se\u00edbo, aunque exhort\u00f3 a candidatos y candidatas y a la dirigencia pelede\u00edsta proseguir con el trabajo intenso, como si estuvieran en la \u00faltima posici\u00f3n.<\/p>\n<p>Herrera, quien es el Enlace de la direcci\u00f3n partidaria con las provincias El Seibo y La Altagracia y el Municipio Pe\u00f1\u00f3n en Barahona, particip\u00f3, junto a Melanio Paredes, Enlace regional, en el acto realizado en Miches, dejando inaugurado el local del Comit\u00e9 de Campa\u00f1a all\u00ed.<\/p>\n<p>\u201cCon este acto confirmamos lo que dicen en las encuestas y estudios del mercado electoral que Federico Bencosme seguir\u00e1 siendo el Alcalde de Miches\u201d dijo Herrera en las palabras que pronunci\u00f3 en el acto.<\/p>\n<p><img decoding=\"async\" loading=\"lazy\" class=\"alignnone size-full wp-image-26022\" src=\"http:\/\/pldaldia.com\/portada\/wp-content\/uploads\/2020\/01\/Inauguracion-local-PLD-Miches.jpeg\" alt=\"Inauguracion local PLD Miches\" width=\"720\" height=\"418\" \/>Desde ese espacio advirti\u00f3 a los moradores del municipio oriental que Miches no se puede dar el lujo de dar un salto al vac\u00edo, lo que ocurrir\u00eda si se inclinan por las candidaturas opositoras.<\/p>\n<p>Apunt\u00f3 que el empuje y orden que ha tra\u00eddo Federico Bencosme a Miches tiene que continuar para la tranquilidad de la municipalidad de esa progresista comunidad.<\/p>\n<p>\u201cContinuemos trabajando para que las urnas se llenen de votos morados el pr\u00f3ximo 16 de febrero como preludio del gran triunfo del cambio seguro el pr\u00f3ximo mayo\u201d cerr\u00f3 Alejandro Herrera su discurso.<\/p>\n<p>Junto al candidato a la alcald\u00eda de Miches, Federico Bencosme, quien habl\u00f3 en el acto particip\u00f3 tambi\u00e9n Kenia Mej\u00eda candidata a la senadur\u00eda del Seibo en respaldo a la candidatura de Miches.<\/p>\n","protected":false},"excerpt":{"rendered":"<p>Federico Bencosme en Miches es sin\u00f3nimo de progreso y bienestar Alejandro Herrera, vicesecretario general del Partido de la Liberaci\u00f3n Dominicana (PLD) confirm\u00f3 la situaci\u00f3n de primac\u00eda de esa organizaci\u00f3n en el Municipio de Miches y en la Provincia del Se\u00edbo, aunque exhort\u00f3 a candidatos y candidatas y a la dirigencia pelede\u00edsta proseguir con el trabajo [&hellip;]<\/p>\n","protected":false},"author":1,"featured_media":0,"comment_status":"open","ping_status":"open","sticky":false,"template":"","format":"standard","meta":{"tdm_status":"","tdm_grid_status":"","footnotes":""},"categories":[9],"tags":[],"_links":{"self":[{"href":"https:\/\/pldaldia.com\/portada\/wp-json\/wp\/v2\/posts\/26021"}],"collection":[{"href":"https:\/\/pldaldia.com\/portada\/wp-json\/wp\/v2\/posts"}],"about":[{"href":"https:\/\/pldaldia.com\/portada\/wp-json\/wp\/v2\/types\/post"}],"author":[{"embeddable":true,"href":"https:\/\/pldaldia.com\/portada\/wp-json\/wp\/v2\/users\/1"}],"replies":[{"embeddable":true,"href":"https:\/\/pldaldia.com\/portada\/wp-json\/wp\/v2\/comments?post=26021"}],"version-history":[{"count":0,"href":"https:\/\/pldaldia.com\/portada\/wp-json\/wp\/v2\/posts\/26021\/revisions"}],"wp:attachment":[{"href":"https:\/\/pldaldia.com\/portada\/wp-json\/wp\/v2\/media?parent=26021"}],"wp:term":[{"taxonomy":"category","embeddable":true,"href":"https:\/\/pldaldia.com\/portada\/wp-json\/wp\/v2\/categories?post=26021"},{"taxonomy":"post_tag","embeddable":true,"href":"https:\/\/pldaldia.com\/portada\/wp-json\/wp\/v2\/tags?post=26021"}],"curies":[{"name":"wp","href":"https:\/\/api.w.org\/{rel}","templated":true}]}}