{"id":33529,"date":"2020-11-05T13:37:56","date_gmt":"2020-11-05T17:37:56","guid":{"rendered":"https:\/\/pldaldia.com\/portada\/?p=33529"},"modified":"2020-11-05T16:40:10","modified_gmt":"2020-11-05T20:40:10","slug":"se-reune-este-viernes-el-cp-del-pld","status":"publish","type":"post","link":"https:\/\/pldaldia.com\/portada\/se-reune-este-viernes-el-cp-del-pld\/","title":{"rendered":"Se re\u00fane este viernes el CP del PLD"},"content":{"rendered":"<p>Organismo conocer\u00e1 entre otros temas, la situaci\u00f3n generada en el pa\u00eds luego de la imposici\u00f3n de una JCE<\/p>\n<p>El Comit\u00e9 Pol\u00edtico del Partido de la Liberaci\u00f3n Dominicana (PLD) ha sido convocado para este viernes para entre otros detalles conocer de la situaci\u00f3n generada en el pa\u00eds luego de la imposici\u00f3n de una Junta Central Electoral a todas luces poco representativa.<\/p>\n<p>Tem\u00edstocles Mont\u00e1s, Presidente del PLD, confirm\u00f3 la convocatoria a los miembros del organismo de direcci\u00f3n para las nueve de la ma\u00f1ana de este viernes en la Casa Nacional pelede\u00edsta.<\/p>\n<p>En el encuentro tambi\u00e9n se pasar\u00e1 balance al curso del IX Congreso Ordinario Jos\u00e9 Joaqu\u00edn Bid\u00f3 Medina que agota la fase del conocimiento de los documentos base de los diferentes temas enviados a los organismos partidarios.<\/p>\n<p>El Congreso ordinario del PLD inici\u00f3 el pasado 11 de octubre con la celebraci\u00f3n de la Plenaria General en la que los discursos pronunciados marcaron el accionar de las deliberaciones.<\/p>\n<p>Con su reuni\u00f3n en la Casa Nacional, se aprovecha la amplitud del Gran Sal\u00f3n Bienvenido Sandoval para celebrar un encuentro con el distanciamiento recomendado por las autoridades de salud.<\/p>\n<p>Desde la reuni\u00f3n sostenida por una representaci\u00f3n del Comit\u00e9 Pol\u00edtico con el Presidente Luis Abinader, el PLD recomend\u00f3 la escogencia de un \u00f3rgano de comicios que respondiera al consenso de las fuerzas pol\u00edticas y los sectores sociales, lo que no se cumpli\u00f3 con la imposici\u00f3n de figuras cuestionadas.<\/p>\n","protected":false},"excerpt":{"rendered":"<p>Organismo conocer\u00e1 entre otros temas, la situaci\u00f3n generada en el pa\u00eds luego de la imposici\u00f3n de una JCE El Comit\u00e9 Pol\u00edtico del Partido de la Liberaci\u00f3n Dominicana (PLD) ha sido convocado para este viernes para entre otros detalles conocer de la situaci\u00f3n generada en el pa\u00eds luego de la imposici\u00f3n de una Junta Central Electoral [&hellip;]<\/p>\n","protected":false},"author":1,"featured_media":0,"comment_status":"open","ping_status":"open","sticky":false,"template":"","format":"standard","meta":{"tdm_status":"","tdm_grid_status":"","footnotes":""},"categories":[9],"tags":[],"_links":{"self":[{"href":"https:\/\/pldaldia.com\/portada\/wp-json\/wp\/v2\/posts\/33529"}],"collection":[{"href":"https:\/\/pldaldia.com\/portada\/wp-json\/wp\/v2\/posts"}],"about":[{"href":"https:\/\/pldaldia.com\/portada\/wp-json\/wp\/v2\/types\/post"}],"author":[{"embeddable":true,"href":"https:\/\/pldaldia.com\/portada\/wp-json\/wp\/v2\/users\/1"}],"replies":[{"embeddable":true,"href":"https:\/\/pldaldia.com\/portada\/wp-json\/wp\/v2\/comments?post=33529"}],"version-history":[{"count":0,"href":"https:\/\/pldaldia.com\/portada\/wp-json\/wp\/v2\/posts\/33529\/revisions"}],"wp:attachment":[{"href":"https:\/\/pldaldia.com\/portada\/wp-json\/wp\/v2\/media?parent=33529"}],"wp:term":[{"taxonomy":"category","embeddable":true,"href":"https:\/\/pldaldia.com\/portada\/wp-json\/wp\/v2\/categories?post=33529"},{"taxonomy":"post_tag","embeddable":true,"href":"https:\/\/pldaldia.com\/portada\/wp-json\/wp\/v2\/tags?post=33529"}],"curies":[{"name":"wp","href":"https:\/\/api.w.org\/{rel}","templated":true}]}}