{"id":69300,"date":"2024-04-27T01:32:28","date_gmt":"2024-04-27T05:32:28","guid":{"rendered":"https:\/\/pldaldia.com\/portada\/?p=69300"},"modified":"2024-04-27T01:32:28","modified_gmt":"2024-04-27T05:32:28","slug":"dia-internacional-del-diseno","status":"publish","type":"post","link":"https:\/\/pldaldia.com\/portada\/dia-internacional-del-diseno\/","title":{"rendered":"D\u00eda Internacional del Dise\u00f1o"},"content":{"rendered":"<p>El D\u00eda Internacional del Dise\u00f1o, tambi\u00e9n conocido como D\u00eda Mundial del Dise\u00f1o de la Comunicaci\u00f3n o del Dise\u00f1o Gr\u00e1fico se celebra el 27 de abril de cada a\u00f1o. Con su reconocimiento se busc\u00f3 crear un espacio para dar a conocer la importancia de esta profesi\u00f3n, as\u00ed como su contribuci\u00f3n para generar cambios significativos en todo el mundo y hacer del dise\u00f1o gr\u00e1fico una herramienta de valor social.<\/p>\n","protected":false},"excerpt":{"rendered":"<p>El D\u00eda Internacional del Dise\u00f1o, tambi\u00e9n conocido como D\u00eda Mundial del Dise\u00f1o de la Comunicaci\u00f3n o del Dise\u00f1o Gr\u00e1fico se celebra el 27 de abril de cada a\u00f1o. Con su reconocimiento se busc\u00f3 crear un espacio para dar a conocer la importancia de esta profesi\u00f3n, as\u00ed como su contribuci\u00f3n para generar cambios significativos en todo [&hellip;]<\/p>\n","protected":false},"author":1,"featured_media":69301,"comment_status":"open","ping_status":"open","sticky":false,"template":"","format":"standard","meta":{"tdm_status":"","tdm_grid_status":"","footnotes":""},"categories":[57],"tags":[],"_links":{"self":[{"href":"https:\/\/pldaldia.com\/portada\/wp-json\/wp\/v2\/posts\/69300"}],"collection":[{"href":"https:\/\/pldaldia.com\/portada\/wp-json\/wp\/v2\/posts"}],"about":[{"href":"https:\/\/pldaldia.com\/portada\/wp-json\/wp\/v2\/types\/post"}],"author":[{"embeddable":true,"href":"https:\/\/pldaldia.com\/portada\/wp-json\/wp\/v2\/users\/1"}],"replies":[{"embeddable":true,"href":"https:\/\/pldaldia.com\/portada\/wp-json\/wp\/v2\/comments?post=69300"}],"version-history":[{"count":0,"href":"https:\/\/pldaldia.com\/portada\/wp-json\/wp\/v2\/posts\/69300\/revisions"}],"wp:featuredmedia":[{"embeddable":true,"href":"https:\/\/pldaldia.com\/portada\/wp-json\/wp\/v2\/media\/69301"}],"wp:attachment":[{"href":"https:\/\/pldaldia.com\/portada\/wp-json\/wp\/v2\/media?parent=69300"}],"wp:term":[{"taxonomy":"category","embeddable":true,"href":"https:\/\/pldaldia.com\/portada\/wp-json\/wp\/v2\/categories?post=69300"},{"taxonomy":"post_tag","embeddable":true,"href":"https:\/\/pldaldia.com\/portada\/wp-json\/wp\/v2\/tags?post=69300"}],"curies":[{"name":"wp","href":"https:\/\/api.w.org\/{rel}","templated":true}]}}