{"id":69312,"date":"2024-04-27T19:52:20","date_gmt":"2024-04-27T23:52:20","guid":{"rendered":"https:\/\/pldaldia.com\/portada\/?p=69312"},"modified":"2024-04-27T19:53:03","modified_gmt":"2024-04-27T23:53:03","slug":"abel-el-campeon-del-pueblo","status":"publish","type":"post","link":"https:\/\/pldaldia.com\/portada\/abel-el-campeon-del-pueblo\/","title":{"rendered":"Abel El CAMPE\u00d3N DEL PUEBLO | Video"},"content":{"rendered":"<p>Abel fue al Debate y mat\u00f3 la liga<br \/>\n. Con sus propuestas y visi\u00f3n de un futuro seguro para la Rep\u00fablica Dominicana, el pueblo se convenci\u00f3 de que es la mejor opci\u00f3n para gobernar nuestro pa\u00eds.<\/p>\n<p>Es por eso que, con alegr\u00eda y entusiasmo, en Santo Domingo Este la gente lo ovaciona como \u00abEl CAMPE\u00d3N del pueblo\u00bb.<\/p>\n<blockquote class=\"twitter-tweet\" data-width=\"550\" data-dnt=\"true\">\n<p lang=\"es\" dir=\"ltr\">Abel El\u00a0CAMPE\u00d3N DEL PUEBLO\u00a0<\/p>\n<p>Abel fue al Debate y mat\u00f3 la liga<\/p>\n<p>Con sus propuestas y visi\u00f3n de un futuro seguro para la Rep\u00fablica Dominicana, el pueblo se convenci\u00f3 de que es la mejor opci\u00f3n para gobernar nuestro pa\u00eds.<\/p>\n<p>Es por eso que, con alegr\u00eda y entusiasmo, en Santo Domingo\u2026 <a href=\"https:\/\/t.co\/o5OhPxgxXZ\">pic.twitter.com\/o5OhPxgxXZ<\/a><\/p>\n<p>&mdash; PLD (@PLDenlinea) <a href=\"https:\/\/twitter.com\/PLDenlinea\/status\/1784369744147099796?ref_src=twsrc%5Etfw\">April 27, 2024<\/a><\/p><\/blockquote>\n<p><script async src=\"https:\/\/platform.twitter.com\/widgets.js\" charset=\"utf-8\"><\/script><\/p>\n","protected":false},"excerpt":{"rendered":"<p>Abel fue al Debate y mat\u00f3 la liga . Con sus propuestas y visi\u00f3n de un futuro seguro para la Rep\u00fablica Dominicana, el pueblo se convenci\u00f3 de que es la mejor opci\u00f3n para gobernar nuestro pa\u00eds. Es por eso que, con alegr\u00eda y entusiasmo, en Santo Domingo Este la gente lo ovaciona como \u00abEl CAMPE\u00d3N [&hellip;]<\/p>\n","protected":false},"author":1,"featured_media":69313,"comment_status":"open","ping_status":"open","sticky":false,"template":"","format":"standard","meta":{"tdm_status":"","tdm_grid_status":"","footnotes":""},"categories":[9],"tags":[],"_links":{"self":[{"href":"https:\/\/pldaldia.com\/portada\/wp-json\/wp\/v2\/posts\/69312"}],"collection":[{"href":"https:\/\/pldaldia.com\/portada\/wp-json\/wp\/v2\/posts"}],"about":[{"href":"https:\/\/pldaldia.com\/portada\/wp-json\/wp\/v2\/types\/post"}],"author":[{"embeddable":true,"href":"https:\/\/pldaldia.com\/portada\/wp-json\/wp\/v2\/users\/1"}],"replies":[{"embeddable":true,"href":"https:\/\/pldaldia.com\/portada\/wp-json\/wp\/v2\/comments?post=69312"}],"version-history":[{"count":0,"href":"https:\/\/pldaldia.com\/portada\/wp-json\/wp\/v2\/posts\/69312\/revisions"}],"wp:featuredmedia":[{"embeddable":true,"href":"https:\/\/pldaldia.com\/portada\/wp-json\/wp\/v2\/media\/69313"}],"wp:attachment":[{"href":"https:\/\/pldaldia.com\/portada\/wp-json\/wp\/v2\/media?parent=69312"}],"wp:term":[{"taxonomy":"category","embeddable":true,"href":"https:\/\/pldaldia.com\/portada\/wp-json\/wp\/v2\/categories?post=69312"},{"taxonomy":"post_tag","embeddable":true,"href":"https:\/\/pldaldia.com\/portada\/wp-json\/wp\/v2\/tags?post=69312"}],"curies":[{"name":"wp","href":"https:\/\/api.w.org\/{rel}","templated":true}]}}