{"id":69320,"date":"2024-04-27T20:56:10","date_gmt":"2024-04-28T00:56:10","guid":{"rendered":"https:\/\/pldaldia.com\/portada\/?p=69320"},"modified":"2024-04-27T20:56:10","modified_gmt":"2024-04-28T00:56:10","slug":"abel-desmontamos-las-mentiras-de-un-gobierno-que-se-ha-olvidado-de-los-pobres-video","status":"publish","type":"post","link":"https:\/\/pldaldia.com\/portada\/abel-desmontamos-las-mentiras-de-un-gobierno-que-se-ha-olvidado-de-los-pobres-video\/","title":{"rendered":"Abel: \u00abDesmontamos las mentiras de un Gobierno que se ha olvidado de los pobres\u00bb | Video"},"content":{"rendered":"<p>El candidato presidencial del Partido de la Liberaci\u00f3n Dominicana (PLD), Abel Mart\u00ednez, asegur\u00f3 que durante el Debate Presidencial, desmont\u00f3 las mentiras del Gobierno del PRM.<\/p>\n<p>Ante una multitud que lo esper\u00f3 en Invivienda, Santo Domingo Este, el l\u00edder pol\u00edtico explic\u00f3 algunas de sus soluciones a los principales problemas de la poblaci\u00f3n y desaf\u00edos del pa\u00eds.<\/p>\n<p>\u00abHemos desmontado las mentiras, las promesas incumplidas de un Gobierno que se ha olvidado de los pobres, que se ha olvidado de las mujeres\u00bb, declar\u00f3.<\/p>\n<p>\u00abEn esta provincia hay cientos de miles de mujeres, muchas de ellas, madres que no tienen un trabajo para mantener a sus hijos\u00bb, a\u00f1adi\u00f3.<\/p>\n<p>Abel Mart\u00ednez garantiz\u00f3 que en el PLD y en su propuesta de Gobierno se le ha dado a las mujeres el espacio, el lugar y empoderamiento que merecen.<\/p>\n<p>El candidato presidencial lament\u00f3 que los j\u00f3venes dominicanos tengan que irse en yola o la vuelta por M\u00e9xico, por falta de oportunidades.<\/p>\n<p>\u00abSomos el proyecto de naci\u00f3n de las propuestas, para dar empleos a j\u00f3venes emprendedores, mujeres y hombres de trabajo\u00bb, manifest\u00f3.<\/p>\n<p><a href=\"http:\/\/vanguardiadelpueblo.do\/wp-content\/uploads\/2024\/04\/WhatsApp-Image-2024-04-27-at-8.46.45-PM.jpeg\"><img decoding=\"async\" loading=\"lazy\" class=\"size-medium wp-image-204669 alignright\" src=\"http:\/\/vanguardiadelpueblo.do\/wp-content\/uploads\/2024\/04\/WhatsApp-Image-2024-04-27-at-8.46.45-PM-480x303.jpeg\" alt=\"\" width=\"480\" height=\"303\" \/><\/a>En ese sentido, Abel Mart\u00ednez explic\u00f3 su programa Deuda Cero, que consiste en que las personas puedan consolidar sus deudas en el Banco de Reservas, con bajas tasas de inter\u00e9s y per\u00edodos de gracia.<\/p>\n<p>De igual modo, habl\u00f3 sobre el programa Chich\u00ed Seguro, una iniciativa que llevar\u00e1 por lo menos una Estancia Infantil a cada municipio del pa\u00eds, para que madres puedan dejar a sus hijos protegidos, mientras ellas trabajan o estudian.<\/p>\n<p>El evento concluy\u00f3 con una masiva marcha encabezada por Abel Mart\u00ednez en la Circunscripci\u00f3n 3 de Santo Domingo Este.<\/p>\n<p>En la actividad participaron la candidata a senadora por Santo Domingo, Cristina Lizardo; el director general de Campa\u00f1a, Andr\u00e9s Navarro, y el director de Gabinete Johnny Pujols.<\/p>\n<p>Tambi\u00e9n, Luis Alberto Tejeda, coordinador de Campa\u00f1a en la provincia Santo Domingo, el secretario de Comunicaciones del PLD, H\u00e9ctor Olivo, y de Comunicaciones de la Campa\u00f1a, Roberto Rodr\u00edguez Marchena.<\/p>\n<p>De igual modo, los candidatos a diputados por la circunscripci\u00f3n 3, Joselito Feliz, Franklin Mart\u00ednez, Eduardo Hidalgo, Carlos Gil, Sobeida S\u00e1nchez e Isabel De La Cruz.<\/p>\n<p><a href=\"http:\/\/vanguardiadelpueblo.do\/wp-content\/uploads\/2024\/04\/WhatsApp-Image-2024-04-27-at-8.48.11-PM.jpeg\"><img decoding=\"async\" loading=\"lazy\" class=\"alignleft size-medium wp-image-204671\" src=\"http:\/\/vanguardiadelpueblo.do\/wp-content\/uploads\/2024\/04\/WhatsApp-Image-2024-04-27-at-8.48.11-PM-480x290.jpeg\" alt=\"\" width=\"480\" height=\"290\" \/><\/a>Tambi\u00e9n Francisca Brito, Nancy Amancio, Traisy Quezada, Francisco Liranzo y Leonardo Paniagua.<\/p>\n<p>Asimismo, estuvieron el vocero del PLD en la C\u00e1mara de Diputados, Luis Henr\u00edquez, el diputado Eduardo Hidalgo, los miembros del Comit\u00e9 Pol\u00edtico Melanio Paredes, Sim\u00f3n Lizardo, Danilo Diaz, Alejandro Mont\u00e1s, Armando Garc\u00eda y el coordinador del Sector Externo, Edwin Espinal.<\/p>\n<blockquote class=\"twitter-tweet\" data-width=\"550\" data-dnt=\"true\">\n<p lang=\"es\" dir=\"ltr\">Abel: &quot;Desmontamos las mentiras de un Gobierno que se ha olvidado de los pobres&quot; <a href=\"https:\/\/t.co\/u4IDXNA0z0\">pic.twitter.com\/u4IDXNA0z0<\/a><\/p>\n<p>&mdash; PLD (@PLDenlinea) <a href=\"https:\/\/twitter.com\/PLDenlinea\/status\/1784385471121920386?ref_src=twsrc%5Etfw\">April 28, 2024<\/a><\/p><\/blockquote>\n<p><script async src=\"https:\/\/platform.twitter.com\/widgets.js\" charset=\"utf-8\"><\/script><\/p>\n","protected":false},"excerpt":{"rendered":"<p>El candidato presidencial del Partido de la Liberaci\u00f3n Dominicana (PLD), Abel Mart\u00ednez, asegur\u00f3 que durante el Debate Presidencial, desmont\u00f3 las mentiras del Gobierno del PRM. Ante una multitud que lo esper\u00f3 en Invivienda, Santo Domingo Este, el l\u00edder pol\u00edtico explic\u00f3 algunas de sus soluciones a los principales problemas de la poblaci\u00f3n y desaf\u00edos del pa\u00eds. [&hellip;]<\/p>\n","protected":false},"author":1,"featured_media":69321,"comment_status":"open","ping_status":"open","sticky":false,"template":"","format":"standard","meta":{"tdm_status":"","tdm_grid_status":"","footnotes":""},"categories":[9],"tags":[],"_links":{"self":[{"href":"https:\/\/pldaldia.com\/portada\/wp-json\/wp\/v2\/posts\/69320"}],"collection":[{"href":"https:\/\/pldaldia.com\/portada\/wp-json\/wp\/v2\/posts"}],"about":[{"href":"https:\/\/pldaldia.com\/portada\/wp-json\/wp\/v2\/types\/post"}],"author":[{"embeddable":true,"href":"https:\/\/pldaldia.com\/portada\/wp-json\/wp\/v2\/users\/1"}],"replies":[{"embeddable":true,"href":"https:\/\/pldaldia.com\/portada\/wp-json\/wp\/v2\/comments?post=69320"}],"version-history":[{"count":0,"href":"https:\/\/pldaldia.com\/portada\/wp-json\/wp\/v2\/posts\/69320\/revisions"}],"wp:featuredmedia":[{"embeddable":true,"href":"https:\/\/pldaldia.com\/portada\/wp-json\/wp\/v2\/media\/69321"}],"wp:attachment":[{"href":"https:\/\/pldaldia.com\/portada\/wp-json\/wp\/v2\/media?parent=69320"}],"wp:term":[{"taxonomy":"category","embeddable":true,"href":"https:\/\/pldaldia.com\/portada\/wp-json\/wp\/v2\/categories?post=69320"},{"taxonomy":"post_tag","embeddable":true,"href":"https:\/\/pldaldia.com\/portada\/wp-json\/wp\/v2\/tags?post=69320"}],"curies":[{"name":"wp","href":"https:\/\/api.w.org\/{rel}","templated":true}]}}