{"id":69323,"date":"2024-04-27T20:57:31","date_gmt":"2024-04-28T00:57:31","guid":{"rendered":"https:\/\/pldaldia.com\/portada\/?p=69323"},"modified":"2024-04-27T20:57:31","modified_gmt":"2024-04-28T00:57:31","slug":"mentiras-confirmadas-sin-necesidad-de-poligrafos","status":"publish","type":"post","link":"https:\/\/pldaldia.com\/portada\/mentiras-confirmadas-sin-necesidad-de-poligrafos\/","title":{"rendered":"Mentiras confirmadas  sin necesidad de pol\u00edgrafos"},"content":{"rendered":"<p>Por: H\u00e9ctor Olivo | Los debates organizados por la Asociaci\u00f3n Nacional de J\u00f3venes Empresarios (ANJE) que abarc\u00f3 a los candidatos al Senado de Santiago y Distrito Nacional, las candidatas a la vicepresidencia de la Rep\u00fablica y los candidatos a la Presidencia, dominaron el escenario noticioso desplazando otros tantos temas, muchos de ellos trascendentes, como el caso del hoyo financiero por el subsidio el\u00e9ctrico, que el flamante ministro de energ\u00eda quiso distorsionar con una supuesta auditor\u00eda tra\u00eddas por los mo\u00f1os.<\/p>\n<p>An\u00e1lisis, reportes de prensa, horas en programas especializados de radio y televisi\u00f3n, completaron el alto nivel de rating alcanzado por los debates, naturalmente, el de mayor visibilidad fue el presidencial.<\/p>\n<p>En la v\u00edspera la intervenci\u00f3n de Zoraima Cuello fue el atractivo de la noche por su lenguaje coloquial, sus facilidades comunicativas, el manejo de las estad\u00edsticas y la credibilidad de sus exposiciones.<\/p>\n<p>El d\u00eda de las exposiciones de los candidatos presidenciales Abel Mart\u00ednez impact\u00f3 porque fue quien se dirigi\u00f3 directamente al electorado, denunciando sus dificultades y las factibles soluciones que propone, apreciaci\u00f3n que le llev\u00f3 a que se le llamara \u00abEl Campe\u00f3n del Pueblo\u00bb<\/p>\n<p>Independiente del aporte a la discusi\u00f3n de las ideas y a la cultura democr\u00e1tica, el debate no deja de ser una distracci\u00f3n, una especie de espect\u00e1culo, del que debemos tomar y dejar.<\/p>\n<p>De forma llana los espectadores concluyeron sobre las numerosas mentiras del Presidente \u2013 Candidato, sin necesidad de usar el pol\u00edgrafo.<\/p>\n<p>Muy cuestionables las estad\u00edsticas sobre el crecimiento de la econom\u00eda, as\u00ed como la negaci\u00f3n de que se prometiera generar un mill\u00f3n de empleos, que ha motivado que se desempolvaron grabaciones y titulares de peri\u00f3dicos.<\/p>\n<p>Indignante escuchar del candidato del PRM de que la producci\u00f3n agropecuaria ha ido en aumento con la quiebra de los productores locales por importaci\u00f3n masiva de alimentos.<\/p>\n<p>Tiene mucho que ver la notable reducci\u00f3n del poder adquisitivo de que en g\u00f3ndolas y vitrinas de supermercados se exhiben productos del campo, ante la disminuci\u00f3n de la demanda.<\/p>\n<p>El Gobierno del PRM no ha instalado una sola c\u00e1mara de vigilancia, desde un ingreso en el 2020, y sin inmutarse, se escuch\u00f3 al mandatario hablar de la instalaci\u00f3n de luces led y c\u00e1maras de vigilancia.<\/p>\n<p>Pero donde se vot\u00f3 la pelota fue al negar el n\u00famero de pensiones solidarias en donde se ha originado un festival de pensiones inmerecidas a miembros y militantes del PRM y a los familiares de los tr\u00e1nsfugas quienes han llegado al PRM con su caras limpias, mientras las finanzas p\u00fablicas se tambalean.<\/p>\n","protected":false},"excerpt":{"rendered":"<p>Por: H\u00e9ctor Olivo | Los debates organizados por la Asociaci\u00f3n Nacional de J\u00f3venes Empresarios (ANJE) que abarc\u00f3 a los candidatos al Senado de Santiago y Distrito Nacional, las candidatas a la vicepresidencia de la Rep\u00fablica y los candidatos a la Presidencia, dominaron el escenario noticioso desplazando otros tantos temas, muchos de ellos trascendentes, como el [&hellip;]<\/p>\n","protected":false},"author":1,"featured_media":65375,"comment_status":"open","ping_status":"open","sticky":false,"template":"","format":"standard","meta":{"tdm_status":"","tdm_grid_status":"","footnotes":""},"categories":[53],"tags":[],"_links":{"self":[{"href":"https:\/\/pldaldia.com\/portada\/wp-json\/wp\/v2\/posts\/69323"}],"collection":[{"href":"https:\/\/pldaldia.com\/portada\/wp-json\/wp\/v2\/posts"}],"about":[{"href":"https:\/\/pldaldia.com\/portada\/wp-json\/wp\/v2\/types\/post"}],"author":[{"embeddable":true,"href":"https:\/\/pldaldia.com\/portada\/wp-json\/wp\/v2\/users\/1"}],"replies":[{"embeddable":true,"href":"https:\/\/pldaldia.com\/portada\/wp-json\/wp\/v2\/comments?post=69323"}],"version-history":[{"count":0,"href":"https:\/\/pldaldia.com\/portada\/wp-json\/wp\/v2\/posts\/69323\/revisions"}],"wp:featuredmedia":[{"embeddable":true,"href":"https:\/\/pldaldia.com\/portada\/wp-json\/wp\/v2\/media\/65375"}],"wp:attachment":[{"href":"https:\/\/pldaldia.com\/portada\/wp-json\/wp\/v2\/media?parent=69323"}],"wp:term":[{"taxonomy":"category","embeddable":true,"href":"https:\/\/pldaldia.com\/portada\/wp-json\/wp\/v2\/categories?post=69323"},{"taxonomy":"post_tag","embeddable":true,"href":"https:\/\/pldaldia.com\/portada\/wp-json\/wp\/v2\/tags?post=69323"}],"curies":[{"name":"wp","href":"https:\/\/api.w.org\/{rel}","templated":true}]}}