{"id":69336,"date":"2024-04-28T12:40:21","date_gmt":"2024-04-28T16:40:21","guid":{"rendered":"https:\/\/pldaldia.com\/portada\/?p=69336"},"modified":"2024-04-28T12:40:21","modified_gmt":"2024-04-28T16:40:21","slug":"encuentro-de-abel-y-zoraima-con-los-comunicadores-de-santiago","status":"publish","type":"post","link":"https:\/\/pldaldia.com\/portada\/encuentro-de-abel-y-zoraima-con-los-comunicadores-de-santiago\/","title":{"rendered":"Encuentro de Abel y Zoraima con los comunicadores de Santiago"},"content":{"rendered":"<p>Abel Mart\u00ednez y Zoraima Cuello participar\u00e1n este lunes en Santiago en un encuentro con la representaci\u00f3n de los medios de comunicaci\u00f3n.<\/p>\n<p>El Partido de la Liberaci\u00f3n Dominicana (PLD) confirm\u00f3 la presencia del candidato presidencial de esa organizaci\u00f3n, Abel Mart\u00ednez y la candidata vicepresidencial Zoraima Cuello, en un conversatorio con la representaci\u00f3n de los medios de comunicaci\u00f3n de Santiago y la regi\u00f3n del Cibao este lunes, feriado del D\u00eda Internacional del Trabajo<\/p>\n<p>El Conversatorio con los comunicadores se program\u00f3 para realizarse en uno de los salones del tradicional Hotel Matum de Santiago de los Caballeros a partir de las 10 de la ma\u00f1ana.<\/p>\n<p>Acompa\u00f1ar\u00e1n a Abel Mart\u00ednez y Zoraima Cuello en ese encuentro una representaci\u00f3n de la direcci\u00f3n provincial del PLD en Santiago y miembros del Comit\u00e9 Pol\u00edtico.<\/p>\n<p>La direcci\u00f3n de campa\u00f1a del PLD aprovechar\u00e1 la ocasi\u00f3n del d\u00eda del trabajo para presentar, por intermedio de su candidato a la presidencia y su candidata vicepresidencial, su propuesta a los trabajadores del pa\u00eds, golpeados como otros tantos sectores nacionales, por la improvisaci\u00f3n e ineficiencias del gobierno del PRM.<\/p>\n<p>El pasado viernes Abel Mart\u00ednez y Zoraima Cuello, aprovecharon el escenario de una rueda de prensa, convocada por el PLD, para completar ideas y propuestas del programa de Gobierno, que por razones de tiempo no se pudieron ampliar en los debates en que participaron.<\/p>\n<p>Despu\u00e9s del encuentro con los medios de comunicaci\u00f3n de Santiago, Abel Mart\u00ednez, Campe\u00f3n del Pueblo, encabezar\u00e1 en horas de la tarde una Concentraci\u00f3n- Marcha en Puerto Plata, como se hab\u00eda anunciado.<\/p>\n","protected":false},"excerpt":{"rendered":"<p>Abel Mart\u00ednez y Zoraima Cuello participar\u00e1n este lunes en Santiago en un encuentro con la representaci\u00f3n de los medios de comunicaci\u00f3n. El Partido de la Liberaci\u00f3n Dominicana (PLD) confirm\u00f3 la presencia del candidato presidencial de esa organizaci\u00f3n, Abel Mart\u00ednez y la candidata vicepresidencial Zoraima Cuello, en un conversatorio con la representaci\u00f3n de los medios de [&hellip;]<\/p>\n","protected":false},"author":1,"featured_media":69337,"comment_status":"open","ping_status":"open","sticky":false,"template":"","format":"standard","meta":{"tdm_status":"","tdm_grid_status":"","footnotes":""},"categories":[9],"tags":[],"_links":{"self":[{"href":"https:\/\/pldaldia.com\/portada\/wp-json\/wp\/v2\/posts\/69336"}],"collection":[{"href":"https:\/\/pldaldia.com\/portada\/wp-json\/wp\/v2\/posts"}],"about":[{"href":"https:\/\/pldaldia.com\/portada\/wp-json\/wp\/v2\/types\/post"}],"author":[{"embeddable":true,"href":"https:\/\/pldaldia.com\/portada\/wp-json\/wp\/v2\/users\/1"}],"replies":[{"embeddable":true,"href":"https:\/\/pldaldia.com\/portada\/wp-json\/wp\/v2\/comments?post=69336"}],"version-history":[{"count":0,"href":"https:\/\/pldaldia.com\/portada\/wp-json\/wp\/v2\/posts\/69336\/revisions"}],"wp:featuredmedia":[{"embeddable":true,"href":"https:\/\/pldaldia.com\/portada\/wp-json\/wp\/v2\/media\/69337"}],"wp:attachment":[{"href":"https:\/\/pldaldia.com\/portada\/wp-json\/wp\/v2\/media?parent=69336"}],"wp:term":[{"taxonomy":"category","embeddable":true,"href":"https:\/\/pldaldia.com\/portada\/wp-json\/wp\/v2\/categories?post=69336"},{"taxonomy":"post_tag","embeddable":true,"href":"https:\/\/pldaldia.com\/portada\/wp-json\/wp\/v2\/tags?post=69336"}],"curies":[{"name":"wp","href":"https:\/\/api.w.org\/{rel}","templated":true}]}}