{"id":69339,"date":"2024-04-28T15:45:06","date_gmt":"2024-04-28T19:45:06","guid":{"rendered":"https:\/\/pldaldia.com\/portada\/?p=69339"},"modified":"2024-04-28T15:45:06","modified_gmt":"2024-04-28T19:45:06","slug":"zoraima-cuello-presenta-plan-de-soluciones-a-problemas-de-la-provincia-espaillat","status":"publish","type":"post","link":"https:\/\/pldaldia.com\/portada\/zoraima-cuello-presenta-plan-de-soluciones-a-problemas-de-la-provincia-espaillat\/","title":{"rendered":"Zoraima Cuello presenta plan de soluciones a problemas de  la provincia Espaillat"},"content":{"rendered":"<p>La candidata a la vicepresidencia de la Rep\u00fablica por el Partido de la Liberaci\u00f3n Dominicana (PLD), Zoraima Cuello, present\u00f3 en la provincia Espaillat, la propuesta de Gobierno del candidato presidencial, Abel Mart\u00ednez, en lo relativo a empleo, agricultura, educaci\u00f3n, infraestructura, econom\u00eda, seguridad, entre otros temas no resueltos que afectan a esta demarcaci\u00f3n.<\/p>\n<p><a href=\"http:\/\/vanguardiadelpueblo.do\/wp-content\/uploads\/2024\/04\/67844d45-a3e2-44e6-8565-c096377029fe.jpg\"><img decoding=\"async\" loading=\"lazy\" class=\"size-medium wp-image-204693 alignright\" src=\"http:\/\/vanguardiadelpueblo.do\/wp-content\/uploads\/2024\/04\/67844d45-a3e2-44e6-8565-c096377029fe-480x320.jpg\" alt=\"\" width=\"480\" height=\"320\" \/><\/a>En un recorrido que inici\u00f3 a las nueve de la ma\u00f1ana del s\u00e1bado, Zoraima fue recibida por el miembro del Comit\u00e9 Pol\u00edtico del PLD, Carlos Amarante Baret, junto a otros dirigentes locales y la enlace y miembro del Comit\u00e9 Central del PLD, Aura Toribio.<\/p>\n<p>Cuello present\u00f3 las propuestas de gobierno por diferentes municipios y distritos municipales donde se reuni\u00f3 con dirigentes pol\u00edticos y l\u00edderes comunitarios, siendo el primer encuentro con los mun\u00edcipes de Cayetano Germos\u00e9n quienes saludaron y recibieron con entusiasmo a la compa\u00f1era de boleta de Abel.<\/p>\n<p>\u201cEstoy muy orgullosa de este batall\u00f3n de hombres y mujeres pelede\u00edstas con los que iremos a buscar los votos para ganar este 19 de mayo\u201d, expres\u00f3.<\/p>\n<p><a href=\"http:\/\/vanguardiadelpueblo.do\/wp-content\/uploads\/2024\/04\/68827d91-c6ea-4162-9314-89796c1993d1.jpg\"><img decoding=\"async\" loading=\"lazy\" class=\"alignleft size-medium wp-image-204692\" src=\"http:\/\/vanguardiadelpueblo.do\/wp-content\/uploads\/2024\/04\/68827d91-c6ea-4162-9314-89796c1993d1-480x320.jpg\" alt=\"\" width=\"480\" height=\"320\" \/><\/a>En cada alocuci\u00f3n, Cuello destac\u00f3 el compromiso del candidato a la presidencia del PLD y el suyo propio, en rescatar la esperanza de la gente de la provincia Espaillat y el resto del pa\u00eds.<\/p>\n<p>La candidata a la vicepresidencia por el PLD recorri\u00f3 las calles de los distritos municipales Canca La Reina, Las Lagunas, Juan L\u00f3pez y los municipios de San V\u00edctor y Moca, donde tuvo un encuentro con la prensa televisiva local y comparti\u00f3, adem\u00e1s, un almuerzo con personalidades, dirigentes del partido y comunitarios.<\/p>\n<p><a href=\"http:\/\/vanguardiadelpueblo.do\/wp-content\/uploads\/2024\/04\/aaeee200-6bc6-4650-81b0-a31236220f6e.jpg\"><img decoding=\"async\" loading=\"lazy\" class=\"size-medium wp-image-204690 alignright\" src=\"http:\/\/vanguardiadelpueblo.do\/wp-content\/uploads\/2024\/04\/aaeee200-6bc6-4650-81b0-a31236220f6e-480x320.jpg\" alt=\"\" width=\"480\" height=\"320\" \/><\/a>Moca sirvi\u00f3 de escenario adem\u00e1s para la realizaci\u00f3n de un encuentro masivo con j\u00f3venes de la provincia que apuestan a una nueva pol\u00edtica y que recibieron con entusiasmo las ideas innovadoras presentadas por Cuello.<\/p>\n<p>All\u00ed Zoraima motiv\u00f3 a los j\u00f3venes a salir a las calles a conquistar con el coraz\u00f3n a todos y con el orgullo de haber sido parte de un gobierno de \u201cresultados comprobados, y eso tenemos que mostrarlo a todo el pa\u00eds para que sepan que hay que votar el 19 de mayo para que tengan un futuro seguro para todos en el pa\u00eds\u00bb, concluy\u00f3.<\/p>\n<p>Acompa\u00f1aron a la candidata vicepresidencial durante su recorrido Jos\u00e9 Dant\u00e9s D\u00edaz, miembro del Comit\u00e9 Pol\u00edtico del PLD y Coordinador de Campa\u00f1a Vicepresidencial, Winston Juma, presidente provincial de la organizaci\u00f3n pol\u00edtica, Juan Francisco Caraballo, miembro del Comit\u00e9 Central del PLD, as\u00ed como los presidentes municipales y distritales de las demarcaciones visitadas, y los candidatos a diputados de la provincia Espaillat, entre otros dirigentes y l\u00edderes comunitarios.<\/p>\n","protected":false},"excerpt":{"rendered":"<p>La candidata a la vicepresidencia de la Rep\u00fablica por el Partido de la Liberaci\u00f3n Dominicana (PLD), Zoraima Cuello, present\u00f3 en la provincia Espaillat, la propuesta de Gobierno del candidato presidencial, Abel Mart\u00ednez, en lo relativo a empleo, agricultura, educaci\u00f3n, infraestructura, econom\u00eda, seguridad, entre otros temas no resueltos que afectan a esta demarcaci\u00f3n. En un recorrido [&hellip;]<\/p>\n","protected":false},"author":1,"featured_media":69340,"comment_status":"open","ping_status":"open","sticky":false,"template":"","format":"standard","meta":{"tdm_status":"","tdm_grid_status":"","footnotes":""},"categories":[9],"tags":[],"_links":{"self":[{"href":"https:\/\/pldaldia.com\/portada\/wp-json\/wp\/v2\/posts\/69339"}],"collection":[{"href":"https:\/\/pldaldia.com\/portada\/wp-json\/wp\/v2\/posts"}],"about":[{"href":"https:\/\/pldaldia.com\/portada\/wp-json\/wp\/v2\/types\/post"}],"author":[{"embeddable":true,"href":"https:\/\/pldaldia.com\/portada\/wp-json\/wp\/v2\/users\/1"}],"replies":[{"embeddable":true,"href":"https:\/\/pldaldia.com\/portada\/wp-json\/wp\/v2\/comments?post=69339"}],"version-history":[{"count":0,"href":"https:\/\/pldaldia.com\/portada\/wp-json\/wp\/v2\/posts\/69339\/revisions"}],"wp:featuredmedia":[{"embeddable":true,"href":"https:\/\/pldaldia.com\/portada\/wp-json\/wp\/v2\/media\/69340"}],"wp:attachment":[{"href":"https:\/\/pldaldia.com\/portada\/wp-json\/wp\/v2\/media?parent=69339"}],"wp:term":[{"taxonomy":"category","embeddable":true,"href":"https:\/\/pldaldia.com\/portada\/wp-json\/wp\/v2\/categories?post=69339"},{"taxonomy":"post_tag","embeddable":true,"href":"https:\/\/pldaldia.com\/portada\/wp-json\/wp\/v2\/tags?post=69339"}],"curies":[{"name":"wp","href":"https:\/\/api.w.org\/{rel}","templated":true}]}}