{"id":7322,"date":"2016-11-15T03:30:41","date_gmt":"2016-11-15T03:30:41","guid":{"rendered":"http:\/\/pldaldia.com\/portada\/?p=7322"},"modified":"2016-11-15T03:30:41","modified_gmt":"2016-11-15T03:30:41","slug":"pld-designa-comision-para-tema-jce","status":"publish","type":"post","link":"https:\/\/pldaldia.com\/portada\/pld-designa-comision-para-tema-jce\/","title":{"rendered":"PLD designa comisi\u00f3n para tema JCE"},"content":{"rendered":"<p>&nbsp;<\/p>\n<p><em>Comit\u00e9 Pol\u00edtico mediante comisi\u00f3n dar\u00e1 \u00a0seguimiento \u00a0decisi\u00f3n del Senado \u00a0sobre JCE \u00a0<\/em><\/p>\n<p>El Comit\u00e9 Pol\u00edtico del Partido de la Liberaci\u00f3n Dominicana (PLD), design\u00f3 la noche de este lunes una comisi\u00f3n, encabezada por el presidente de la entidad, Leonel Fern\u00e1ndez, \u00a0e integrada por Reinaldo Pared P\u00e9rez, secretario general, \u00a0y Rafael Alburquerque para dar seguimiento a la decisi\u00f3n que deber\u00e1 tomar el Senado de la Republica \u00a0sobre la elecci\u00f3n de los miembros de la Junta Central Electoral (JCE).<\/p>\n<p>As\u00ed lo inform\u00f3 el propio Pared P\u00e9rez al finalizar la reuni\u00f3n del Comit\u00e9 Pol\u00edtico del PLD realizada en la Oficina Presidencial con la asistencia de 28 de los 34 miembros que conforman ese organismo pelede\u00edsta<\/p>\n<p>En el transcurso de esta semana, quiz\u00e1s ma\u00f1ana (martes), debemos reunirnos, sino con el bloque de senadores del PLD, por lo menos con una comisi\u00f3n del mismo, a los fines de que como ya est\u00e1 en su fase final, lo referente a la escogencia de los nuevos integrantes de la \u00a0Junta Central Electoral, \u00a0tener ese intercambio de impresiones con los compa\u00f1eros que integramos el bloque de senadores y senadoras del PLD\u201d, precis\u00f3 Reinaldo Pared P\u00e9rez al resumir las conclusiones del encuentro.<\/p>\n<p>A las 7 y 25 minutos de la noche inici\u00f3 la reuni\u00f3n, que concluy\u00f3 a las 9:30 minutos con el resumen que el Secretario General realizara a los medios de comunicaci\u00f3n junto a Cristina Lizardo y Radham\u00e9s Camacho.<\/p>\n<p>El Presidente de la Rep\u00fablica, Danilo Medina encabez\u00f3 el encuentro junto al ex Presidente Leonel Fern\u00e1ndez, quien es el Presidente del PLD, Reinaldo Pared P\u00e9rez, secretario general y veinticinco miembros m\u00e1s.<\/p>\n<p>De la matr\u00edcula de 34 miembros, reportaron sus excusas la vicepresidenta Margarita Cede\u00f1o de Fern\u00e1ndez, Eduardo Selman, Jos\u00e9 Tom\u00e1s P\u00e9rez, Abel Mart\u00ednez, Jos\u00e9 Joaqu\u00edn Bid\u00f3 Medina y Temistocles Mont\u00e1s.<\/p>\n<p>Al resumir lo tratado Pared P\u00e9rez inform\u00f3 \u00a0que antes de desarrollar los temas tratados en el punto concerniente a los informes, se conocieron diferentes situaciones presentadas, como es la costumbre en el curso de las reuniones de los organismos del PLD.<\/p>\n<p>Precis\u00f3 entonces que fundamentalmente trataron dos puntos: el relativo a los ocho Reglamentos pendientes de aprobaci\u00f3n para aplicar las resoluciones del VIII Congreso Ordinario Comandante Norge Botello y el relativo a la \u00a0conformaci\u00f3n de la Junta Central Electoral.<\/p>\n<p>\u201cSe acord\u00f3, previo a la distribuci\u00f3n de los materiales a los integrantes del Comit\u00e9 Pol\u00edtico dar un plazo hasta el 15 del pr\u00f3ximo mes de diciembre para que remitan a la Secretar\u00eda General las observaciones que entiendan sobre cada uno de los proyectos \u00a0Reglamentos\u201d dijo en lo referente a los Reglamentos.<\/p>\n<p>Sobre el tema de la Junta Central Electoral, Reinaldo Pared P\u00e9rez explic\u00f3 que los miembros del Comit\u00e9 Pol\u00edtico requirieron de algunas informaciones sobre el proceso de conformaci\u00f3n de la Junta las que se ofrecieron.<\/p>\n<p>Aclar\u00f3 que no se debatieron sobre los nombres de personas propuestas para ser seleccionados.<\/p>\n<p>\u201cSe decidi\u00f3 que el Presidente del PLD (Leonel Fern\u00e1ndez), el Secretario General (Reinaldo Pared P\u00e9rez) y Rafael Alburquerque, integren una comisi\u00f3n que le d\u00e9 seguimiento a la decisi\u00f3n que habr\u00e1 de tomar el Senado de la Republica\u201d resumi\u00f3 Pared P\u00e9rez.<\/p>\n<p>Explic\u00f3 que esa comisi\u00f3n ser\u00e1 coordinada por Leonel Fern\u00e1ndez en su calidad de presidente del PLD.<\/p>\n<p>De inmediato inform\u00f3 que se har\u00e1 lo posible para convocar a una reuni\u00f3n el martes, v\u00edspera del d\u00eda de la sesi\u00f3n del Senado de la Republica, precisando que ese encuentro pudiera ser con el bloque se Senadores del PLD o una comisi\u00f3n de esa estructura partidaria de congresistas.<\/p>\n<p><a href=\"http:\/\/pldaldia.com\/portada\/wp-content\/uploads\/2016\/11\/Cp-pld-4.jpg\" rel=\"attachment wp-att-7306\"><img decoding=\"async\" loading=\"lazy\" class=\"alignnone size-full wp-image-7306\" src=\"http:\/\/pldaldia.com\/portada\/wp-content\/uploads\/2016\/11\/Cp-pld-4.jpg\" alt=\"cp-pld-4\" width=\"1200\" height=\"800\" \/><\/a>Reinaldo Pared P\u00e9rez al responder preguntas de los comunicadores \u00a0expres\u00f3 que pudiera este mi\u00e9rcoles definirse, pero solo es una posibilidad, \u00a0anunciar ya quienes integraran \u00a0la Junta Central Electoral<\/p>\n<p>Confirm\u00f3 que para este martes se le encomend\u00f3 \u00a0tratar de \u00a0pautar y coordinar una reuni\u00f3n con una comisi\u00f3n y deberemos de hacer los aprestos necesarios con las y los senadores de nuestro bloque.<\/p>\n<p>Sobre los cinco nombres que salieron a la opini\u00f3n p\u00fablica y que fueron barajados, tres no fueron objetados: Julio C\u00e9sar Casta\u00f1os Guzm\u00e1n, Roberto Salad\u00edn y Carmen Imbert, si lo fueron Henry Mej\u00eda y Freddy Almonte.<\/p>\n<p>\u201cEsa situaci\u00f3n la vamos a ponderar con los compa\u00f1eros del Bloque de Senadores\u201d, contest\u00f3 Pared P\u00e9rez a los periodistas.<\/p>\n<p>Dijo que fue propuesto por el presidente del partido, Leonel Fern\u00e1ndez quien sugiri\u00f3 pautar una reuni\u00f3n, tanto con el vocero, Rub\u00e9n Dar\u00edo Cruz, como con el compa\u00f1ero \u00a0Presidente de la comisi\u00f3n\u00a0 responsable de la conformaci\u00f3n de la Junta Central Electoral, \u00a0Dionis S\u00e1nchez.<\/p>\n<p>Sobre el pedido del CONEP de aprobar primero la Ley de Partidos y Agrupaciones Pol\u00edticas y la del R\u00e9gimen Electoral \u00a0ante que la conformaci\u00f3n de la Junta, presentada por los periodistas, respondi\u00f3 que esa era la posici\u00f3n del PLD en la mesa del dialogo coordinada por Monse\u00f1or Agripino N\u00fa\u00f1ez Collado, de la cual se retir\u00f3 el Bloque Opositor<\/p>\n<p>\u201cNosotros planteamos desde un primer momento, en las diversas reuniones con Agripino y all\u00ed ellos plantearon que hab\u00eda que darle prioridad con nombres y apellidos a los nuevos miembros de la JCE\u201d coment\u00f3.<\/p>\n","protected":false},"excerpt":{"rendered":"<p>&nbsp; Comit\u00e9 Pol\u00edtico mediante comisi\u00f3n dar\u00e1 \u00a0seguimiento \u00a0decisi\u00f3n del Senado \u00a0sobre JCE \u00a0 El Comit\u00e9 Pol\u00edtico del Partido de la Liberaci\u00f3n Dominicana (PLD), design\u00f3 la noche de este lunes una comisi\u00f3n, encabezada por el presidente de la entidad, Leonel Fern\u00e1ndez, \u00a0e integrada por Reinaldo Pared P\u00e9rez, secretario general, \u00a0y Rafael Alburquerque para dar seguimiento a [&hellip;]<\/p>\n","protected":false},"author":1,"featured_media":0,"comment_status":"closed","ping_status":"closed","sticky":false,"template":"","format":"standard","meta":{"tdm_status":"","tdm_grid_status":"","footnotes":""},"categories":[9],"tags":[],"_links":{"self":[{"href":"https:\/\/pldaldia.com\/portada\/wp-json\/wp\/v2\/posts\/7322"}],"collection":[{"href":"https:\/\/pldaldia.com\/portada\/wp-json\/wp\/v2\/posts"}],"about":[{"href":"https:\/\/pldaldia.com\/portada\/wp-json\/wp\/v2\/types\/post"}],"author":[{"embeddable":true,"href":"https:\/\/pldaldia.com\/portada\/wp-json\/wp\/v2\/users\/1"}],"replies":[{"embeddable":true,"href":"https:\/\/pldaldia.com\/portada\/wp-json\/wp\/v2\/comments?post=7322"}],"version-history":[{"count":0,"href":"https:\/\/pldaldia.com\/portada\/wp-json\/wp\/v2\/posts\/7322\/revisions"}],"wp:attachment":[{"href":"https:\/\/pldaldia.com\/portada\/wp-json\/wp\/v2\/media?parent=7322"}],"wp:term":[{"taxonomy":"category","embeddable":true,"href":"https:\/\/pldaldia.com\/portada\/wp-json\/wp\/v2\/categories?post=7322"},{"taxonomy":"post_tag","embeddable":true,"href":"https:\/\/pldaldia.com\/portada\/wp-json\/wp\/v2\/tags?post=7322"}],"curies":[{"name":"wp","href":"https:\/\/api.w.org\/{rel}","templated":true}]}}