{"id":7324,"date":"2016-11-15T17:41:14","date_gmt":"2016-11-15T17:41:14","guid":{"rendered":"http:\/\/pldaldia.com\/portada\/?p=7324"},"modified":"2016-11-15T17:41:14","modified_gmt":"2016-11-15T17:41:14","slug":"saluda-decision-del-c-p","status":"publish","type":"post","link":"https:\/\/pldaldia.com\/portada\/saluda-decision-del-c-p\/","title":{"rendered":"Saluda decisi\u00f3n del C.P."},"content":{"rendered":"<p><em>Senador <strong>Rub\u00e9n Cruz<\/strong> deja abierta posibilidad reuni\u00f3n este martes \u00a0con comisi\u00f3n designada.<\/em><\/p>\n<p><strong>Rub\u00e9n Dar\u00edo Cruz<\/strong>, senador del Partido de la Liberaci\u00f3n Dominicana por la provincia Hato Mayor, favoreci\u00f3 la disposici\u00f3n del Comit\u00e9 Pol\u00edtico de esa organizaci\u00f3n \u00a0de crear una comisi\u00f3n para dar seguimiento a la decisi\u00f3n que deber\u00e1 tomar el Senado de la Rep\u00fablica\u00a0 sobre la elecci\u00f3n de los miembros de la Junta Central Electoral.<\/p>\n<p>Cruz, miembro del Comit\u00e9 Central del PLD y vocero de la bancada pelede\u00edsta en la C\u00e1mara Alta, dijo que es la primera vez que ese alto organismo toma una acci\u00f3n directa en lo referente a la selecci\u00f3n de los jueces de la Junta Central Electoral.<\/p>\n<p>Refiri\u00f3 que el secretario general del PLD inform\u00f3 en la reuni\u00f3n del CP de anoche que es posible que este martes se re\u00fana la comisi\u00f3n designada con el bloque de senadores y senadoras pelede\u00edstas para tratar lo relativo a la escogencia de los nuevos miembros de la JCE y que se mantiene a la espera de una convocatoria con esas comisi\u00f3n.<\/p>\n<p>\u201cEl Comit\u00e9 Pol\u00edtico\u00a0 ha puesto el o\u00eddo en el coraz\u00f3n del pueblo\u201d, expres\u00f3 Rub\u00e9n \u201cToyota\u201d, quien tambi\u00e9n es miembro de la Comisi\u00f3n Evaluadora, entrevistado en el programa Matinal 11, referido en un reporte de la Secretar\u00eda de Comunicaciones del PLD.<\/p>\n<p>El legislador manifest\u00f3 que abriga la esperanza que los nuevos miembros de la Junta Central Electoral que posiblemente se escojan este \u00d1mi\u00e9rcoles, \u00a0alcance la mayor legitimidad y aprobaci\u00f3n de la sociedad.<\/p>\n<p>El senador pelede\u00edsta explic\u00f3 que a quien m\u00e1s le conviene la selecci\u00f3n de una Junta Central Electoral incuestionable es al gobierno y al Partido de la Liberaci\u00f3n Dominicana, aunque reconoci\u00f3 que el PRM y el bloque opositor se van a oponer a cualquiera que fueren los resultados.<\/p>\n","protected":false},"excerpt":{"rendered":"<p>Senador Rub\u00e9n Cruz deja abierta posibilidad reuni\u00f3n este martes \u00a0con comisi\u00f3n designada. Rub\u00e9n Dar\u00edo Cruz, senador del Partido de la Liberaci\u00f3n Dominicana por la provincia Hato Mayor, favoreci\u00f3 la disposici\u00f3n del Comit\u00e9 Pol\u00edtico de esa organizaci\u00f3n \u00a0de crear una comisi\u00f3n para dar seguimiento a la decisi\u00f3n que deber\u00e1 tomar el Senado de la Rep\u00fablica\u00a0 sobre [&hellip;]<\/p>\n","protected":false},"author":1,"featured_media":0,"comment_status":"closed","ping_status":"closed","sticky":false,"template":"","format":"standard","meta":{"tdm_status":"","tdm_grid_status":"","footnotes":""},"categories":[9],"tags":[],"_links":{"self":[{"href":"https:\/\/pldaldia.com\/portada\/wp-json\/wp\/v2\/posts\/7324"}],"collection":[{"href":"https:\/\/pldaldia.com\/portada\/wp-json\/wp\/v2\/posts"}],"about":[{"href":"https:\/\/pldaldia.com\/portada\/wp-json\/wp\/v2\/types\/post"}],"author":[{"embeddable":true,"href":"https:\/\/pldaldia.com\/portada\/wp-json\/wp\/v2\/users\/1"}],"replies":[{"embeddable":true,"href":"https:\/\/pldaldia.com\/portada\/wp-json\/wp\/v2\/comments?post=7324"}],"version-history":[{"count":0,"href":"https:\/\/pldaldia.com\/portada\/wp-json\/wp\/v2\/posts\/7324\/revisions"}],"wp:attachment":[{"href":"https:\/\/pldaldia.com\/portada\/wp-json\/wp\/v2\/media?parent=7324"}],"wp:term":[{"taxonomy":"category","embeddable":true,"href":"https:\/\/pldaldia.com\/portada\/wp-json\/wp\/v2\/categories?post=7324"},{"taxonomy":"post_tag","embeddable":true,"href":"https:\/\/pldaldia.com\/portada\/wp-json\/wp\/v2\/tags?post=7324"}],"curies":[{"name":"wp","href":"https:\/\/api.w.org\/{rel}","templated":true}]}}