{"id":7327,"date":"2016-11-15T17:49:10","date_gmt":"2016-11-15T17:49:10","guid":{"rendered":"http:\/\/pldaldia.com\/portada\/?p=7327"},"modified":"2016-11-15T17:49:10","modified_gmt":"2016-11-15T17:49:10","slug":"reunion-asuntos-laborales-pld","status":"publish","type":"post","link":"https:\/\/pldaldia.com\/portada\/reunion-asuntos-laborales-pld\/","title":{"rendered":"Reuni\u00f3n Asuntos laborales PLD"},"content":{"rendered":"<p><strong><em>Domingo Jim\u00e9nez<\/em><\/strong><em> informa de los planes organizativos \u00a0de la Secretaria laboral PLD.<\/em><\/p>\n<p><strong>Domingo Jim\u00e9nez,<\/strong> \u00a0titular de la Secretaria de Asuntos Laborales del Partido de la Liberaci\u00f3n Dominicana (PLD)\u00a0 adelant\u00f3\u00a0 que en una semana concluir\u00e1n el plan de trabajo de ese \u00f3rgano para ser ejecutado \u00a0el pr\u00f3ximo a\u00f1o.<\/p>\n<p>Explic\u00f3 que como lo vienen realizando las diferentes secretar\u00edas, Asuntos Laborales se ha reactivado luego de una reuni\u00f3n del secretariado del PLD con el Presidente de la organizaci\u00f3n, \u00a0Leonel Fern\u00e1ndez.<\/p>\n<p>\u201cEl presidente del partido, el compa\u00f1ero Leonel Fern\u00e1ndez, ha instruido, mediante reuni\u00f3n con los titulares de la secretarias del Partido para que todas preparen su plan de trabajo para el a\u00f1o 2017, a los fines de orientar al PLD y fijar posiciones pol\u00edticas en torno a cada tema que sea concerniente o relativo a cada secretaria\u201d declar\u00f3 Jim\u00e9nez, explicando los motivos de la reuni\u00f3n de los integrantes de la Secretar\u00eda de Asuntos Laborales en uno de los salones de la Casa Nacional del PLD.<\/p>\n<p>En ese sentido, el dirigente del PLD expres\u00f3 que las instrucciones recibidas para\u00a0 activar cada secretaria se cumple cabalmente con lo que proyecta un relanzamiento del partido morado a partir del pr\u00f3ximo a\u00f1o.<\/p>\n<p>\u201cNosotros como secretaria, \u00a0nos hemos reunido este d\u00eda \u00a0trabajando el mandato de la direcci\u00f3n del Partido\u00a0 \u00a0y ya estamos en la definici\u00f3n de comisiones para la elaboraci\u00f3n del plan de trabajo 2017\u201d, expreso Domingo Jim\u00e9nez en nota divulgada por su partido, a trav\u00e9s de la tambi\u00e9n Secretaria de Comunicaciones.<\/p>\n<p>Adelant\u00f3 que junto a los trabajos del pr\u00f3ximo a\u00f1o, Asuntos Laborales del PLD acciona adem\u00e1s, en el dise\u00f1o de\u00a0 un plan de acci\u00f3n inmediata con relaci\u00f3n al \u00e1rea laboral, con tema tan significativo como el de la Seguridad Social y todo el redise\u00f1o as\u00ed como\u00a0 d\u00e1ndole seguimiento a la Ley de Seguridad Social.<\/p>\n<p>\u201cTrabajamos tambi\u00e9n \u00a0en lo que es una reestructuraci\u00f3n del sector transporte que orienta sindicalmente el Partido de la Liberaci\u00f3n Dominicana y tambi\u00e9n estamos redefiniendo la estrategia a seguir para el impulso del movimiento sindical, muy particularmente la Confederaci\u00f3n de Trabajadores Unitarios CTU que es la central en al cual el PLD tiene v\u00ednculos directos\u201d, explic\u00f3.<\/p>\n","protected":false},"excerpt":{"rendered":"<p>Domingo Jim\u00e9nez informa de los planes organizativos \u00a0de la Secretaria laboral PLD. Domingo Jim\u00e9nez, \u00a0titular de la Secretaria de Asuntos Laborales del Partido de la Liberaci\u00f3n Dominicana (PLD)\u00a0 adelant\u00f3\u00a0 que en una semana concluir\u00e1n el plan de trabajo de ese \u00f3rgano para ser ejecutado \u00a0el pr\u00f3ximo a\u00f1o. Explic\u00f3 que como lo vienen realizando las diferentes [&hellip;]<\/p>\n","protected":false},"author":1,"featured_media":0,"comment_status":"closed","ping_status":"closed","sticky":false,"template":"","format":"standard","meta":{"tdm_status":"","tdm_grid_status":"","footnotes":""},"categories":[9],"tags":[],"_links":{"self":[{"href":"https:\/\/pldaldia.com\/portada\/wp-json\/wp\/v2\/posts\/7327"}],"collection":[{"href":"https:\/\/pldaldia.com\/portada\/wp-json\/wp\/v2\/posts"}],"about":[{"href":"https:\/\/pldaldia.com\/portada\/wp-json\/wp\/v2\/types\/post"}],"author":[{"embeddable":true,"href":"https:\/\/pldaldia.com\/portada\/wp-json\/wp\/v2\/users\/1"}],"replies":[{"embeddable":true,"href":"https:\/\/pldaldia.com\/portada\/wp-json\/wp\/v2\/comments?post=7327"}],"version-history":[{"count":0,"href":"https:\/\/pldaldia.com\/portada\/wp-json\/wp\/v2\/posts\/7327\/revisions"}],"wp:attachment":[{"href":"https:\/\/pldaldia.com\/portada\/wp-json\/wp\/v2\/media?parent=7327"}],"wp:term":[{"taxonomy":"category","embeddable":true,"href":"https:\/\/pldaldia.com\/portada\/wp-json\/wp\/v2\/categories?post=7327"},{"taxonomy":"post_tag","embeddable":true,"href":"https:\/\/pldaldia.com\/portada\/wp-json\/wp\/v2\/tags?post=7327"}],"curies":[{"name":"wp","href":"https:\/\/api.w.org\/{rel}","templated":true}]}}