{"id":7331,"date":"2016-11-16T02:07:23","date_gmt":"2016-11-16T02:07:23","guid":{"rendered":"http:\/\/pldaldia.com\/portada\/?p=7331"},"modified":"2016-11-16T02:07:23","modified_gmt":"2016-11-16T02:07:23","slug":"comision-del-cp-del-pld-se-reune-con-una-representacion-del-bloque-senatorial-de-esa-organizacion","status":"publish","type":"post","link":"https:\/\/pldaldia.com\/portada\/comision-del-cp-del-pld-se-reune-con-una-representacion-del-bloque-senatorial-de-esa-organizacion\/","title":{"rendered":"Comisi\u00f3n del CP del PLD se re\u00fane con una representaci\u00f3n del bloque senatorial de esa organizaci\u00f3n"},"content":{"rendered":"<p>Tal y como se adelant\u00f3 en la reuni\u00f3n del Comit\u00e9 Pol\u00edtico, este martes se produjo la anunciada reuni\u00f3n de la comisi\u00f3n designada por este organismo \u00a0 para dar seguimiento a la decisi\u00f3n que deber\u00e1 tomar el Senado de la Rep\u00fablica sobre la elecci\u00f3n de los miembros de la Junta Central Electoral (JCE).<\/p>\n<div class=\"gmail_quote\">\n<div dir=\"ltr\">\n<div><\/div>\n<div>La comisi\u00f3n \u00a0conformada por Leonel Fern\u00e1ndez, quien la coordina, \u00a0Reinaldo Pared P\u00e9rez, \u00a0y Rafael Alburquerque se reuni\u00f3 \u00a0con \u00a0una \u00a0comisi\u00f3n del bloque se \u00a0senadores \u00a0del PLD , \u00a0evaluando los pasos para conformar la Junta Central Electoral<\/div>\n<div>Participantes confirmaron \u00a0el inicio de la reuni\u00f3n a las 4 dela tarde y su final pasada las seis.<\/div>\n<div><\/div>\n<div>Los integrantes prefirieron uno de los salones de \u00a0la Fundaci\u00f3n Global Democracia y Desarrollo (Funglode) por \u00a0mayor discreci\u00f3n.<\/div>\n<div><\/div>\n<div>Se adelant\u00f3 que este mi\u00e9rcoles en la sesi\u00f3n del Senado se dar\u00eda a conocer la posici\u00f3n recomendada por esta comisi\u00f3n de alto nivel, coordinada por el Presidente del PLD, el ex presidente Leonel Fern\u00e1ndez.<\/div>\n<\/div>\n<\/div>\n","protected":false},"excerpt":{"rendered":"<p>Tal y como se adelant\u00f3 en la reuni\u00f3n del Comit\u00e9 Pol\u00edtico, este martes se produjo la anunciada reuni\u00f3n de la comisi\u00f3n designada por este organismo \u00a0 para dar seguimiento a la decisi\u00f3n que deber\u00e1 tomar el Senado de la Rep\u00fablica sobre la elecci\u00f3n de los miembros de la Junta Central Electoral (JCE). La comisi\u00f3n \u00a0conformada [&hellip;]<\/p>\n","protected":false},"author":1,"featured_media":0,"comment_status":"closed","ping_status":"closed","sticky":false,"template":"","format":"standard","meta":{"tdm_status":"","tdm_grid_status":"","footnotes":""},"categories":[9],"tags":[],"_links":{"self":[{"href":"https:\/\/pldaldia.com\/portada\/wp-json\/wp\/v2\/posts\/7331"}],"collection":[{"href":"https:\/\/pldaldia.com\/portada\/wp-json\/wp\/v2\/posts"}],"about":[{"href":"https:\/\/pldaldia.com\/portada\/wp-json\/wp\/v2\/types\/post"}],"author":[{"embeddable":true,"href":"https:\/\/pldaldia.com\/portada\/wp-json\/wp\/v2\/users\/1"}],"replies":[{"embeddable":true,"href":"https:\/\/pldaldia.com\/portada\/wp-json\/wp\/v2\/comments?post=7331"}],"version-history":[{"count":0,"href":"https:\/\/pldaldia.com\/portada\/wp-json\/wp\/v2\/posts\/7331\/revisions"}],"wp:attachment":[{"href":"https:\/\/pldaldia.com\/portada\/wp-json\/wp\/v2\/media?parent=7331"}],"wp:term":[{"taxonomy":"category","embeddable":true,"href":"https:\/\/pldaldia.com\/portada\/wp-json\/wp\/v2\/categories?post=7331"},{"taxonomy":"post_tag","embeddable":true,"href":"https:\/\/pldaldia.com\/portada\/wp-json\/wp\/v2\/tags?post=7331"}],"curies":[{"name":"wp","href":"https:\/\/api.w.org\/{rel}","templated":true}]}}