{"id":7335,"date":"2016-11-16T19:43:34","date_gmt":"2016-11-16T19:43:34","guid":{"rendered":"http:\/\/pldaldia.com\/portada\/?p=7335"},"modified":"2016-11-16T19:43:34","modified_gmt":"2016-11-16T19:43:34","slug":"expectativas-en-torno-a-jce","status":"publish","type":"post","link":"https:\/\/pldaldia.com\/portada\/expectativas-en-torno-a-jce\/","title":{"rendered":"Expectativas en torno a JCE"},"content":{"rendered":"<p><em>Vocero del PLD en el Senado dice que lleva directrices de la direcci\u00f3n partidaria al bloque.<\/em><\/p>\n<p>El vocero del bloque de senadores del Partido de la Liberaci\u00f3n Dominicana, Rub\u00e9n Dar\u00edo Cruz, afirm\u00f3 que la tarde de este mi\u00e9rcoles en la sesi\u00f3n del Senado de la Republica quedar\u00eda\u00a0 resuelto la escogencia de los integrantes\u00a0 de la Junta Central Electoral (JCE).<\/p>\n<p>Rub\u00e9n Dar\u00edo Cruz, quien tambi\u00e9n es miembro de la Comisi\u00f3n Evaluadora para conformar la JCE inform\u00f3 que la comisi\u00f3n designada por el Comit\u00e9 Pol\u00edtico del PLD,\u00a0 integrada por el presidente de la organizaci\u00f3n,\u00a0Leonel Fern\u00e1ndez, su secretario general,\u00a0 Reinaldo Pared P\u00e9rez y Rafael Alburquerque, miembro del CP,\u00a0 se reuni\u00f3 con el presidente de la Comisi\u00f3n Evaluadora del Senado, Dionis S\u00e1nchez y \u00e9l, en su condici\u00f3n de vocero del bloque senatorial.<\/p>\n<p>Cruz, entrevistado en el programa Hoy Mismo, y rese\u00f1ado por la Secretar\u00eda de Comunicaciones del PLD, manifest\u00f3 que en esa reuni\u00f3n se les instruy\u00f3 para que presentar\u00e1n las\u00a0 alternativas, sobre la base de que ya hay tres personas consensuadas, para que exista un solo discurso del bloque pelede\u00edsta.<\/p>\n<p>Confirm\u00f3 a la fecha\u00a0 existen tres personas consensuadas que son Julio C\u00e9sar Casta\u00f1o Guzm\u00e1n, Carmen Imbert Brugal y Roberto Salad\u00edn y que los dos espacios que faltan a\u00fan no est\u00e1n consensuados, que es lo que tratar\u00eda en una reuni\u00f3n previa a la sesi\u00f3n de esta tarde.<\/p>\n<p>\u201cEso no significa que por defecto se va a escoger esas personas, ya que el pleno es soberano, e incluso puede seleccionar a otras que no est\u00e1n en la terna\u201d, aclar\u00f3.<\/p>\n<p>Indic\u00f3 que esta tarde, partiendo de la reuni\u00f3n de ayer, van a seguir trabajando para que cuando lleguen al hemiciclo se tenga una idea clara de lo que se va a presentar como propuesta de los miembros que fueron entrevistados.<\/p>\n","protected":false},"excerpt":{"rendered":"<p>Vocero del PLD en el Senado dice que lleva directrices de la direcci\u00f3n partidaria al bloque. El vocero del bloque de senadores del Partido de la Liberaci\u00f3n Dominicana, Rub\u00e9n Dar\u00edo Cruz, afirm\u00f3 que la tarde de este mi\u00e9rcoles en la sesi\u00f3n del Senado de la Republica quedar\u00eda\u00a0 resuelto la escogencia de los integrantes\u00a0 de la [&hellip;]<\/p>\n","protected":false},"author":1,"featured_media":0,"comment_status":"closed","ping_status":"closed","sticky":false,"template":"","format":"standard","meta":{"tdm_status":"","tdm_grid_status":"","footnotes":""},"categories":[9],"tags":[],"_links":{"self":[{"href":"https:\/\/pldaldia.com\/portada\/wp-json\/wp\/v2\/posts\/7335"}],"collection":[{"href":"https:\/\/pldaldia.com\/portada\/wp-json\/wp\/v2\/posts"}],"about":[{"href":"https:\/\/pldaldia.com\/portada\/wp-json\/wp\/v2\/types\/post"}],"author":[{"embeddable":true,"href":"https:\/\/pldaldia.com\/portada\/wp-json\/wp\/v2\/users\/1"}],"replies":[{"embeddable":true,"href":"https:\/\/pldaldia.com\/portada\/wp-json\/wp\/v2\/comments?post=7335"}],"version-history":[{"count":0,"href":"https:\/\/pldaldia.com\/portada\/wp-json\/wp\/v2\/posts\/7335\/revisions"}],"wp:attachment":[{"href":"https:\/\/pldaldia.com\/portada\/wp-json\/wp\/v2\/media?parent=7335"}],"wp:term":[{"taxonomy":"category","embeddable":true,"href":"https:\/\/pldaldia.com\/portada\/wp-json\/wp\/v2\/categories?post=7335"},{"taxonomy":"post_tag","embeddable":true,"href":"https:\/\/pldaldia.com\/portada\/wp-json\/wp\/v2\/tags?post=7335"}],"curies":[{"name":"wp","href":"https:\/\/api.w.org\/{rel}","templated":true}]}}