{"id":7338,"date":"2016-11-16T19:44:57","date_gmt":"2016-11-16T19:44:57","guid":{"rendered":"http:\/\/pldaldia.com\/portada\/?p=7338"},"modified":"2016-11-16T19:44:57","modified_gmt":"2016-11-16T19:44:57","slug":"respaldan-reclamo-del-presidente","status":"publish","type":"post","link":"https:\/\/pldaldia.com\/portada\/respaldan-reclamo-del-presidente\/","title":{"rendered":"Respaldan reclamo del presidente"},"content":{"rendered":"<p><em>Fuerza Boschista defiende aportes de dirigencia del PLD en el triunfo electoral<\/em><\/p>\n<p>El coordinador\u00a0 de\u00a0 Fuerza Boschista, Luis de Le\u00f3n, miembro del Comit\u00e9 Central del Partido de la Liberaci\u00f3n Dominicana,\u00a0 salud\u00f3 el reclamo que le hizo el presidente Danilo Medina al consejo de gobierno de que se respete a las bases del Partido de la Liberaci\u00f3n Dominicana que est\u00e1n laborando en la administraci\u00f3n p\u00fablica.<\/p>\n<p>Luis de Le\u00f3n, dijo que los pelede\u00edstas son dominicanos y son los miembros que trabajaron y garantizaron el triunfo electoral del Partido de la Liberaci\u00f3n Dominicana.<\/p>\n<p>Hablando en rueda de prensa en la Casa Nacional del PLD, de Le\u00f3n expres\u00f3 que la Fuerza Boschista siempre ha defendido dentro del Partido el derecho de los pelede\u00edstas de preservar sus puestos de trabajo en las distintas dependencias del Estado.<\/p>\n<p>El coordinador\u00a0 de\u00a0 Fuerza Boschista igualmente llam\u00f3 al PLD y las fuerzas aliadas acudir en solidaridad con los residentes de la regi\u00f3n Norte, damnificados por las constantes lluvias que se han registrado en esa zona, donde existen m\u00e1s de 20 mil desplazados.<\/p>\n<p>\u201cAhora m\u00e1s que nunca se impone que como dominicanos y dominicanas, solidarios con todos los pueblos del mundo, nos toca ser solidarios con los compatriotas afectados en provincias como Puerto Plata, Nagua, Moca y La Vega, donde cientos de personas han perdido todo\u201d, se\u00f1al\u00f3.<\/p>\n<p>Resalt\u00f3 el inter\u00e9s que ha puesto el presidente Danilo Medina en los afectados, declarando la zona de emergencia y ofreciendo todas las ayudas de lugar.<\/p>\n","protected":false},"excerpt":{"rendered":"<p>Fuerza Boschista defiende aportes de dirigencia del PLD en el triunfo electoral El coordinador\u00a0 de\u00a0 Fuerza Boschista, Luis de Le\u00f3n, miembro del Comit\u00e9 Central del Partido de la Liberaci\u00f3n Dominicana,\u00a0 salud\u00f3 el reclamo que le hizo el presidente Danilo Medina al consejo de gobierno de que se respete a las bases del Partido de la [&hellip;]<\/p>\n","protected":false},"author":1,"featured_media":0,"comment_status":"closed","ping_status":"closed","sticky":false,"template":"","format":"standard","meta":{"tdm_status":"","tdm_grid_status":"","footnotes":""},"categories":[9],"tags":[],"_links":{"self":[{"href":"https:\/\/pldaldia.com\/portada\/wp-json\/wp\/v2\/posts\/7338"}],"collection":[{"href":"https:\/\/pldaldia.com\/portada\/wp-json\/wp\/v2\/posts"}],"about":[{"href":"https:\/\/pldaldia.com\/portada\/wp-json\/wp\/v2\/types\/post"}],"author":[{"embeddable":true,"href":"https:\/\/pldaldia.com\/portada\/wp-json\/wp\/v2\/users\/1"}],"replies":[{"embeddable":true,"href":"https:\/\/pldaldia.com\/portada\/wp-json\/wp\/v2\/comments?post=7338"}],"version-history":[{"count":0,"href":"https:\/\/pldaldia.com\/portada\/wp-json\/wp\/v2\/posts\/7338\/revisions"}],"wp:attachment":[{"href":"https:\/\/pldaldia.com\/portada\/wp-json\/wp\/v2\/media?parent=7338"}],"wp:term":[{"taxonomy":"category","embeddable":true,"href":"https:\/\/pldaldia.com\/portada\/wp-json\/wp\/v2\/categories?post=7338"},{"taxonomy":"post_tag","embeddable":true,"href":"https:\/\/pldaldia.com\/portada\/wp-json\/wp\/v2\/tags?post=7338"}],"curies":[{"name":"wp","href":"https:\/\/api.w.org\/{rel}","templated":true}]}}