{"id":7341,"date":"2016-11-17T00:19:46","date_gmt":"2016-11-17T00:19:46","guid":{"rendered":"http:\/\/pldaldia.com\/portada\/?p=7341"},"modified":"2016-11-17T00:19:46","modified_gmt":"2016-11-17T00:19:46","slug":"senado-escoge-nueva-jce-julio-cesar-castanos-guzman-sera-el-presidente","status":"publish","type":"post","link":"https:\/\/pldaldia.com\/portada\/senado-escoge-nueva-jce-julio-cesar-castanos-guzman-sera-el-presidente\/","title":{"rendered":"Senado escoge nueva JCE. Julio Cesar Casta\u00f1os Guzm\u00e1n ser\u00e1 el Presidente"},"content":{"rendered":"<p>Con el voto un\u00e1nime de los veintisiete senadores presentes en la sesi\u00f3n de este jueves se aprob\u00f3 la plancha presentada por el bloque parlamentario del Partido de la Liberaci\u00f3n Dominicana para integrar la Junta Central Electoral para el periodo 2016-2020.<\/p>\n<p>El pleno senatorial luego de conocer los nombres de las cinco ternas para titulares de la Junta y cinco para suplentes, decidi\u00f3 acoger el voto mediante plancha.<\/p>\n<p><a href=\"http:\/\/pldaldia.com\/portada\/wp-content\/uploads\/2016\/11\/Senado-16-nov-2.jpg\" rel=\"attachment wp-att-7343\"><img decoding=\"async\" loading=\"lazy\" class=\"alignnone size-full wp-image-7343\" src=\"http:\/\/pldaldia.com\/portada\/wp-content\/uploads\/2016\/11\/Senado-16-nov-2.jpg\" alt=\"senado-16-nov-2\" width=\"1600\" height=\"460\" \/><\/a>En ese sentido se escogi\u00f3 a \u00a0Julio Cesar Casta\u00f1os Guzm\u00e1n como presidente de la Junta Central Electoral quien tendr\u00e1 como suplente a Jos\u00e9 Miguel Minier.<\/p>\n<p>Los miembros titulares que acompa\u00f1ar\u00e1n a Casta\u00f1os Guzman, \u00a0escogido mediante el voto un\u00e1nime de senadores y senadoras son Roberto Salad\u00ecn, Carmen Imbert Brugal, Rosario Graciano de los Santos \u00a0y Henry Mejia Oviedo.<\/p>\n<p>Los suplentes de los cuatros titulares son\u00a0 Jos\u00e9 Lino Mart\u00ednez Reyes \u00a0Luis R. Garc\u00eda, Rafael E. Alejo y Juan Bautista Cuevas<\/p>\n<p>Reinaldo Pared P\u00e9rez, presidente del Senado fue quien present\u00f3 y motiv\u00f3 a Julio Cesar Casta\u00f1o Guzman y solicit\u00f3 que se incluyera en la terna numero cinco en lugar de Jos\u00e9 Miguel Minier, quien posteriormente resulto seleccionado como su suplente.<\/p>\n<p>La plancha \u00fanica la present\u00f3 el bloque de senadores del PLD, mediante su vocero autorizado Rub\u00e9n Dar\u00edo Cruz.<\/p>\n<p>De inmediato el presidente del Senado \u00a0anunci\u00f3 que el pr\u00f3ximo lunes 21 de noviembre a las cinco de la tarde los designados nuevos miembros de la Junta CentralElectoral y sus suplentes, \u00a0ser\u00e1n juramentados en un acto en el Senado de la Republica.<\/p>\n<p>La sesi\u00f3n del senado de la Republica de este jueves, que \u00a0aprob\u00f3 tambi\u00e9n en primera lectura el proyecto de Ley de Presupuesto y Gasto Publico, inici\u00f3 con 45 minutos de retraso y concluy\u00f3 a las 7:40 de la noche<\/p>\n<p><strong>Los nuevos miembros de la JCE y sus suplentes son<\/strong><\/p>\n<p>Julio Cesar Casta\u00f1o Guzm\u00e1n. Presidente\u00a0\u00a0 \u00a0\u00a0\u00a0\u00a0\u00a0Jos\u00e9 Miguel Minier. \u00a0\u00a0\u00a0\u00a0\u00a0\u00a0\u00a0\u00a0\u00a0\u00a0\u00a0\u00a0Suplente<\/p>\n<p>Roberto Saladin. \u00a0\u00a0\u00a0\u00a0\u00a0\u00a0\u00a0\u00a0\u00a0\u00a0\u00a0\u00a0\u00a0Miembro \u00a0 \u00a0 \u00a0 \u00a0 \u00a0 \u00a0 \u00a0 \u00a0 \u00a0 \u00a0Jos\u00e9 Lino Martinez Reyes \u00a0\u00a0\u00a0\u00a0Suplente<\/p>\n<p>Carmen Imbert Brugal \u00a0\u00a0Miembro \u00a0 \u00a0 \u00a0 \u00a0 \u00a0 \u00a0 \u00a0 \u00a0 \u00a0 \u00a0 Luis R. Garc\u00eda \u00a0\u00a0\u00a0\u00a0\u00a0\u00a0\u00a0\u00a0\u00a0\u00a0\u00a0\u00a0\u00a0\u00a0\u00a0\u00a0\u00a0\u00a0\u00a0\u00a0\u00a0\u00a0\u00a0Suplente<\/p>\n<p>Rosario Graciano ,\u00a0\u00a0\u00a0\u00a0\u00a0\u00a0\u00a0\u00a0\u00a0\u00a0 Miembro \u00a0 \u00a0 \u00a0 \u00a0 \u00a0 \u00a0 \u00a0 \u00a0 \u00a0 Rafael E. Alejo\u00a0\u00a0\u00a0\u00a0\u00a0\u00a0\u00a0\u00a0\u00a0\u00a0\u00a0\u00a0\u00a0\u00a0\u00a0\u00a0\u00a0\u00a0\u00a0\u00a0\u00a0\u00a0\u00a0 Suplente<\/p>\n<p>Henry Mejia Oviedo\u00a0\u00a0\u00a0\u00a0\u00a0\u00a0\u00a0\u00a0 Miembro. \u00a0 \u00a0 \u00a0 \u00a0 \u00a0 \u00a0 \u00a0 \u00a0 \u00a0Juan Bautista Cuevas \u00a0\u00a0\u00a0\u00a0\u00a0\u00a0\u00a0\u00a0\u00a0\u00a0\u00a0\u00a0\u00a0\u00a0Suplente<\/p>\n<p>&nbsp;<\/p>\n","protected":false},"excerpt":{"rendered":"<p>Con el voto un\u00e1nime de los veintisiete senadores presentes en la sesi\u00f3n de este jueves se aprob\u00f3 la plancha presentada por el bloque parlamentario del Partido de la Liberaci\u00f3n Dominicana para integrar la Junta Central Electoral para el periodo 2016-2020. El pleno senatorial luego de conocer los nombres de las cinco ternas para titulares de [&hellip;]<\/p>\n","protected":false},"author":1,"featured_media":0,"comment_status":"closed","ping_status":"closed","sticky":false,"template":"","format":"standard","meta":{"tdm_status":"","tdm_grid_status":"","footnotes":""},"categories":[9],"tags":[],"_links":{"self":[{"href":"https:\/\/pldaldia.com\/portada\/wp-json\/wp\/v2\/posts\/7341"}],"collection":[{"href":"https:\/\/pldaldia.com\/portada\/wp-json\/wp\/v2\/posts"}],"about":[{"href":"https:\/\/pldaldia.com\/portada\/wp-json\/wp\/v2\/types\/post"}],"author":[{"embeddable":true,"href":"https:\/\/pldaldia.com\/portada\/wp-json\/wp\/v2\/users\/1"}],"replies":[{"embeddable":true,"href":"https:\/\/pldaldia.com\/portada\/wp-json\/wp\/v2\/comments?post=7341"}],"version-history":[{"count":0,"href":"https:\/\/pldaldia.com\/portada\/wp-json\/wp\/v2\/posts\/7341\/revisions"}],"wp:attachment":[{"href":"https:\/\/pldaldia.com\/portada\/wp-json\/wp\/v2\/media?parent=7341"}],"wp:term":[{"taxonomy":"category","embeddable":true,"href":"https:\/\/pldaldia.com\/portada\/wp-json\/wp\/v2\/categories?post=7341"},{"taxonomy":"post_tag","embeddable":true,"href":"https:\/\/pldaldia.com\/portada\/wp-json\/wp\/v2\/tags?post=7341"}],"curies":[{"name":"wp","href":"https:\/\/api.w.org\/{rel}","templated":true}]}}