{"id":7345,"date":"2016-11-17T18:14:30","date_gmt":"2016-11-17T18:14:30","guid":{"rendered":"http:\/\/pldaldia.com\/portada\/?p=7345"},"modified":"2016-11-17T18:14:30","modified_gmt":"2016-11-17T18:14:30","slug":"equilibrio-en-la-jce","status":"publish","type":"post","link":"https:\/\/pldaldia.com\/portada\/equilibrio-en-la-jce\/","title":{"rendered":"Equilibrio en la JCE"},"content":{"rendered":"<p><strong>Franklin Almeyda<\/strong> afirma escogencia JCE responde a expectativas de la sociedad.<\/p>\n<p><strong>Franklin Almeyda,<\/strong> miembro del Comit\u00e9 Pol\u00edtico del Partido de la Liberaci\u00f3n Dominicana, considera que los escogidos por el Senado de la Rep\u00fablica para integrar la Junta Central Electoral representan el equilibrio que reclamaba la sociedad en ese organismo de comicios.<\/p>\n<p>Almeyda\u00a0 considera \u00a0que es un acto irracional\u00a0 los constantes pronunciamientos\u00a0 \u00a0del denominado bloque opositor, quienes han hablado de manifestaciones de \u00a0protestas porque exig\u00edan una Junta Central Electoral\u00a0 a su manera.<\/p>\n<p>\u201cSe ha escogido una Junta Central Electoral como m\u00e1s o menos la sociedad ha pedido. De los cinco miembros que la conforman, tres de ellos no tienen v\u00ednculos partidarios, es decir, no pertenecen a ning\u00fan partido\u201d, declar\u00f3 Almeyda, entrevistado en el programa \u201cPor la ma\u00f1ana\u201d, referido por la Secretar\u00eda de Comunicaciones del PLD.<\/p>\n<p>Precis\u00f3 que los resultados de los acuerdos en el Senado ten\u00edan que ser \u00a0fruto del \u00a0consenso nacional, puesto que no pod\u00eda integrarse una Junta Central Electoral objetada por los actores del sistema electoral.<\/p>\n<p>\u201cNo es suficiente con tener los votos. Hay algunos compa\u00f1eros que repiten siempre que el \u00a0poder es para usarlo, pues no, a veces\u00a0 usted tiene que saber c\u00f3mo manejar el poder, de tal manera que\u00a0 no se rompa y afecte el equilibrio de la gobernabilidad\u201d, explic\u00f3 Franklin Almeyda.<\/p>\n<p>El dirigente pol\u00edtico destac\u00f3 que los sectores de la oposici\u00f3n ahora no saben que decir, ya que dijeron que el Partido de la Liberaci\u00f3n Dominicana iba a imponer todo su poder.<\/p>\n<p>Manifest\u00f3 que el presidente del Partido de la Liberaci\u00f3n Dominicana, Leonel Fern\u00e1ndez, fue el principal garante para que ese acuerdo se respetara.<\/p>\n<p>Dijo que los \u00a0senadores quienes integraron \u00a0la comisi\u00f3n evaluadora tienen que sentirse satisfecho con su trabajo, porque los cinco jueces seleccionados se sacaron de las propuestas elaborada por ellos.<\/p>\n<p>Almeyda tambi\u00e9n inform\u00f3 que en la \u00faltima reuni\u00f3n del Comit\u00e9 Pol\u00edtico se acord\u00f3 someter a los miembros del Comit\u00e9 Central, luego de refrendado por el Comit\u00e9 Pol\u00edtico, \u00a0ocho \u00a0proyectos reglamentos para actualizarlos. \u201cTenemos que reformar y superar debilidades internas en el PLD que tienen que ver con el plan de trabajo a partir de su aprobaci\u00f3n final que est\u00e1 pautada para enero del 2017\u201d, agreg\u00f3.<\/p>\n","protected":false},"excerpt":{"rendered":"<p>Franklin Almeyda afirma escogencia JCE responde a expectativas de la sociedad. Franklin Almeyda, miembro del Comit\u00e9 Pol\u00edtico del Partido de la Liberaci\u00f3n Dominicana, considera que los escogidos por el Senado de la Rep\u00fablica para integrar la Junta Central Electoral representan el equilibrio que reclamaba la sociedad en ese organismo de comicios. Almeyda\u00a0 considera \u00a0que es [&hellip;]<\/p>\n","protected":false},"author":1,"featured_media":0,"comment_status":"closed","ping_status":"closed","sticky":false,"template":"","format":"standard","meta":{"tdm_status":"","tdm_grid_status":"","footnotes":""},"categories":[9],"tags":[],"_links":{"self":[{"href":"https:\/\/pldaldia.com\/portada\/wp-json\/wp\/v2\/posts\/7345"}],"collection":[{"href":"https:\/\/pldaldia.com\/portada\/wp-json\/wp\/v2\/posts"}],"about":[{"href":"https:\/\/pldaldia.com\/portada\/wp-json\/wp\/v2\/types\/post"}],"author":[{"embeddable":true,"href":"https:\/\/pldaldia.com\/portada\/wp-json\/wp\/v2\/users\/1"}],"replies":[{"embeddable":true,"href":"https:\/\/pldaldia.com\/portada\/wp-json\/wp\/v2\/comments?post=7345"}],"version-history":[{"count":0,"href":"https:\/\/pldaldia.com\/portada\/wp-json\/wp\/v2\/posts\/7345\/revisions"}],"wp:attachment":[{"href":"https:\/\/pldaldia.com\/portada\/wp-json\/wp\/v2\/media?parent=7345"}],"wp:term":[{"taxonomy":"category","embeddable":true,"href":"https:\/\/pldaldia.com\/portada\/wp-json\/wp\/v2\/categories?post=7345"},{"taxonomy":"post_tag","embeddable":true,"href":"https:\/\/pldaldia.com\/portada\/wp-json\/wp\/v2\/tags?post=7345"}],"curies":[{"name":"wp","href":"https:\/\/api.w.org\/{rel}","templated":true}]}}