{"id":7351,"date":"2016-11-18T11:49:22","date_gmt":"2016-11-18T11:49:22","guid":{"rendered":"http:\/\/pldaldia.com\/portada\/?p=7351"},"modified":"2016-11-18T11:56:15","modified_gmt":"2016-11-18T11:56:15","slug":"vicepresidenta-exhorta-a-oposicion-enfocarse-en-fortalecimiento-institucional-de-jce-la-vicepresidenta-de-la-republica-doctora-margarita-cedeno-llamo-a-la-oposicion-politica-a-trabajar-para","status":"publish","type":"post","link":"https:\/\/pldaldia.com\/portada\/vicepresidenta-exhorta-a-oposicion-enfocarse-en-fortalecimiento-institucional-de-jce-la-vicepresidenta-de-la-republica-doctora-margarita-cedeno-llamo-a-la-oposicion-politica-a-trabajar-para\/","title":{"rendered":"Vicepresidenta exhorta a oposici\u00f3n enfocarse en fortalecimiento institucional de JCE"},"content":{"rendered":"<p>La vicepresidenta de la Rep\u00fablica, doctora Margarita Cede\u00f1o, llam\u00f3 \u00a0a la oposici\u00f3n pol\u00edtica a trabajar para el fortalecimiento de los procesos institucionales de la Junta Central Electoral (JCE), en lugar de enfocarse en las posiciones a ocupar en ese \u00f3rgano, si quieren contribuir con el sistema democr\u00e1tico del pa\u00eds.<\/p>\n<p>\u201cYo lo que siento es que hay mucha aprehensi\u00f3n en cuanto a qui\u00e9nes ocupan los cinco primeros puestos de la JCE. Si en realidad lo que queremos es contribuir como partidos de oposici\u00f3n, y todos, al sistema democr\u00e1tico, a la sociedad en su conjunto, ocup\u00e9monos m\u00e1s bien de la parte de los procesos, cu\u00e1les son las pol\u00edticas que se van a implementar desde ese \u00f3rgano rector, cu\u00e1les son los reglamentos, las resoluciones\u2026c\u00f3mo se aplica la ley electoral\u201d, enfatiz\u00f3.<\/p>\n<p>Invit\u00f3 a la oposici\u00f3n a trabajar en ese sentido para contribuir con el fortalecimiento del sistema democr\u00e1tico y garantizar la institucionalidad, y confiar, adem\u00e1s, \u201cen el trabajo que realiza nuestra gran Junta Central Electoral\u201d.<\/p>\n<p>Valor\u00f3 la escogencia de los nuevos magistrados, especialmente la elecci\u00f3n de Julio Cesar Casta\u00f1os Guzm\u00e1n como presidente del \u00f3rgano, y a los dem\u00e1s miembros por considerar que han llevado una vida profesional apegada a la \u00e9tica y a la honestidad.<\/p>\n<p>La Vicepresidenta resalt\u00f3, a su vez, el papel realizado por el pasado presidente de la JCE, doctor Roberto Rosario, as\u00ed como lo que consider\u00f3 \u201cel gran trabajo realizado por los dem\u00e1s magistrados en ese organismo electoral.<\/p>\n<p>La vicepresidenta de la Rep\u00fablica ofreci\u00f3 las declaraciones previo a la entrega de los premios a los ganadores del Concurso Innovapp 2016, una competencia que por tercer a\u00f1o consecutivo promueve el desarrollo de aplicaciones tecnol\u00f3gicas que ayuden a solucionar desaf\u00edos sociales, medioambientales y educativos, en un acto realizado este jueves en el Centro de Convenciones del Ministerio de Relaciones Exteriores.<\/p>\n","protected":false},"excerpt":{"rendered":"<p>La vicepresidenta de la Rep\u00fablica, doctora Margarita Cede\u00f1o, llam\u00f3 \u00a0a la oposici\u00f3n pol\u00edtica a trabajar para el fortalecimiento de los procesos institucionales de la Junta Central Electoral (JCE), en lugar de enfocarse en las posiciones a ocupar en ese \u00f3rgano, si quieren contribuir con el sistema democr\u00e1tico del pa\u00eds. \u201cYo lo que siento es que [&hellip;]<\/p>\n","protected":false},"author":1,"featured_media":0,"comment_status":"closed","ping_status":"closed","sticky":false,"template":"","format":"standard","meta":{"tdm_status":"","tdm_grid_status":"","footnotes":""},"categories":[9],"tags":[],"_links":{"self":[{"href":"https:\/\/pldaldia.com\/portada\/wp-json\/wp\/v2\/posts\/7351"}],"collection":[{"href":"https:\/\/pldaldia.com\/portada\/wp-json\/wp\/v2\/posts"}],"about":[{"href":"https:\/\/pldaldia.com\/portada\/wp-json\/wp\/v2\/types\/post"}],"author":[{"embeddable":true,"href":"https:\/\/pldaldia.com\/portada\/wp-json\/wp\/v2\/users\/1"}],"replies":[{"embeddable":true,"href":"https:\/\/pldaldia.com\/portada\/wp-json\/wp\/v2\/comments?post=7351"}],"version-history":[{"count":0,"href":"https:\/\/pldaldia.com\/portada\/wp-json\/wp\/v2\/posts\/7351\/revisions"}],"wp:attachment":[{"href":"https:\/\/pldaldia.com\/portada\/wp-json\/wp\/v2\/media?parent=7351"}],"wp:term":[{"taxonomy":"category","embeddable":true,"href":"https:\/\/pldaldia.com\/portada\/wp-json\/wp\/v2\/categories?post=7351"},{"taxonomy":"post_tag","embeddable":true,"href":"https:\/\/pldaldia.com\/portada\/wp-json\/wp\/v2\/tags?post=7351"}],"curies":[{"name":"wp","href":"https:\/\/api.w.org\/{rel}","templated":true}]}}