{"id":7359,"date":"2016-11-18T17:17:26","date_gmt":"2016-11-18T17:17:26","guid":{"rendered":"http:\/\/pldaldia.com\/portada\/?p=7359"},"modified":"2016-11-18T17:17:26","modified_gmt":"2016-11-18T17:17:26","slug":"43-anos-de-renuncia-de-bosch-del-prd","status":"publish","type":"post","link":"https:\/\/pldaldia.com\/portada\/43-anos-de-renuncia-de-bosch-del-prd\/","title":{"rendered":"43\u00a0a\u00f1os de renuncia de Bosch del PRD\u00a0"},"content":{"rendered":"<p>Salida de<span class=\"m_7246549544025291785m_-1016149225711964292gmail-apple-converted-space\">\u00a0<\/span>\u00a0Juan Bosch marca inicio del Partido de<span class=\"m_7246549544025291785m_-1016149225711964292gmail-apple-converted-space\">\u00a0<\/span>la Liberaci\u00f3n Dominicana<\/p>\n<p>En las efem\u00e9rides del Partido de<span class=\"m_7246549544025291785m_-1016149225711964292gmail-apple-converted-space\">\u00a0<\/span>la Liberaci\u00f3n Dominicana<span class=\"m_7246549544025291785m_-1016149225711964292gmail-apple-converted-space\">\u00a0<\/span>se registra el \u00a018 de noviembre de 1973 como la fecha en que el Profesor Juan Bosch, \u00a0\u00a0con un peque\u00f1o grupo de dirigentes, renunci\u00f3 a la presidencia y militancia del Partido Revolucionario Dominicano.<\/p>\n<p>La \u00a0Secretar\u00eda de Comunicaciones del PLD \u00a0en un despacho de prensa resalta este hecho hist\u00f3rico, que este viernes cumple 43 a\u00f1os, \u00a0que dio origen a la organizaci\u00f3n pol\u00edtica de mayores triunfos electorales en la historia democr\u00e1tica de Rep\u00fablica Dominicana: el PLD, \u00a0\u00a0el cual, gracias a un acuerdo pol\u00edtico, particip\u00f3 en alianza\u00a0electoral con el partido de d\u00f3nde provino y hoy \u00a0comparten gobierno.<\/p>\n<p>Se ha resaltado el gran valor y la determinaci\u00f3n del Profesor Juan \u00a0Bosch, quien teniendo 64 a\u00f1os de edad se embarc\u00f3 en la tarea de organizar un nuevo partido pol\u00edtico, que luego de consolidarse como fuerza pol\u00edtica, le llam\u00f3 \u201cUn Partido \u00danico en Am\u00e9rica Latina\u201d.<\/p>\n<p>En las rese\u00f1as period\u00edsticas de 1973 se apunta que el Profesor Juan Bosch, presidiendo una reuni\u00f3n de la direcci\u00f3n del PRD, fue impactado por la forma en que uno de sus integrantes enfocaba uno de los temas tratados y opt\u00f3 por retirarse de la misma: \u201cDon Juan se levant\u00f3 de la reuni\u00f3n y dijo de forma determinante que no regresaba\u201d escribi\u00f3 Franklin Almeyda, miembro del Comit\u00e9 Pol\u00edtico pelede\u00edsta \u00a0en su libro\u00a0 \u201cEl PLD y las Fuerzas Sociales\u201d<span class=\"m_7246549544025291785m_-1016149225711964292gmail-apple-converted-space\">\u00a0<\/span><\/p>\n<p>Al renunciar de la presidencia y militancia perrede\u00edsta, el Profesor Juan Bosch aleg\u00f3 que el PRD hab\u00eda cumplido su misi\u00f3n hist\u00f3rica: \u201cEfectivamente, ya el PRD cumpli\u00f3 su papel hist\u00f3rico en la pol\u00edtica nacional\u201d, precis\u00f3 \u00a0Bosch en unas declaraciones que ofreciera a la prensa el 18 de noviembre.<\/p>\n<p>Euclides Guti\u00e9rrez F\u00e9lix, tambi\u00e9n de los miembros fundadores del PLD, \u00a0ha explicado que \u00a0serias contradicciones del profesor Juan Bosch con un grupo a lo interno del PRD, coordinado por Jos\u00e9 Francisco Pe\u00f1a G\u00f3mez, motiv\u00f3 la salida de Bosch.<\/p>\n<p>Menos de un mes despu\u00e9s, el 15 de diciembre de 1973, en la celebraci\u00f3n de su congreso constitutivo se anuncia la formaci\u00f3n del Partido de<span class=\"m_7246549544025291785m_-1016149225711964292gmail-apple-converted-space\">\u00a0<\/span>la Liberaci\u00f3n Dominicana, acogiendo un tiempo despu\u00e9s, los colores morado y amarillo en su simbolog\u00eda.<\/p>\n","protected":false},"excerpt":{"rendered":"<p>Salida de\u00a0\u00a0Juan Bosch marca inicio del Partido de\u00a0la Liberaci\u00f3n Dominicana En las efem\u00e9rides del Partido de\u00a0la Liberaci\u00f3n Dominicana\u00a0se registra el \u00a018 de noviembre de 1973 como la fecha en que el Profesor Juan Bosch, \u00a0\u00a0con un peque\u00f1o grupo de dirigentes, renunci\u00f3 a la presidencia y militancia del Partido Revolucionario Dominicano. La \u00a0Secretar\u00eda de Comunicaciones del [&hellip;]<\/p>\n","protected":false},"author":1,"featured_media":0,"comment_status":"closed","ping_status":"closed","sticky":false,"template":"","format":"standard","meta":{"tdm_status":"","tdm_grid_status":"","footnotes":""},"categories":[9],"tags":[],"_links":{"self":[{"href":"https:\/\/pldaldia.com\/portada\/wp-json\/wp\/v2\/posts\/7359"}],"collection":[{"href":"https:\/\/pldaldia.com\/portada\/wp-json\/wp\/v2\/posts"}],"about":[{"href":"https:\/\/pldaldia.com\/portada\/wp-json\/wp\/v2\/types\/post"}],"author":[{"embeddable":true,"href":"https:\/\/pldaldia.com\/portada\/wp-json\/wp\/v2\/users\/1"}],"replies":[{"embeddable":true,"href":"https:\/\/pldaldia.com\/portada\/wp-json\/wp\/v2\/comments?post=7359"}],"version-history":[{"count":0,"href":"https:\/\/pldaldia.com\/portada\/wp-json\/wp\/v2\/posts\/7359\/revisions"}],"wp:attachment":[{"href":"https:\/\/pldaldia.com\/portada\/wp-json\/wp\/v2\/media?parent=7359"}],"wp:term":[{"taxonomy":"category","embeddable":true,"href":"https:\/\/pldaldia.com\/portada\/wp-json\/wp\/v2\/categories?post=7359"},{"taxonomy":"post_tag","embeddable":true,"href":"https:\/\/pldaldia.com\/portada\/wp-json\/wp\/v2\/tags?post=7359"}],"curies":[{"name":"wp","href":"https:\/\/api.w.org\/{rel}","templated":true}]}}