{"id":7363,"date":"2016-11-20T16:03:12","date_gmt":"2016-11-20T16:03:12","guid":{"rendered":"http:\/\/pldaldia.com\/portada\/?p=7363"},"modified":"2016-11-20T16:03:12","modified_gmt":"2016-11-20T16:03:12","slug":"alejandrina-german-valora-eleccion-jce","status":"publish","type":"post","link":"https:\/\/pldaldia.com\/portada\/alejandrina-german-valora-eleccion-jce\/","title":{"rendered":"Alejandrina Germ\u00e1n  valora elecci\u00f3n JCE"},"content":{"rendered":"<p>Alejandrina Germ\u00e1n, integrante \u00a0del Comit\u00e9 Pol\u00edtico del Partido de la Liberaci\u00f3n Dominicana rechaz\u00f3 las acusaciones del bloque opositor en el sentido de que tanto ese organismo, como el presidente Danilo Medina fueron quienes decidieron la escogencia de los nuevos miembros de la Junta Central Electoral.<\/p>\n<div class=\"gmail_quote\">\n<div dir=\"ltr\">\n<p>Sin embargo, defendi\u00f3 la selecci\u00f3n hecha por el Senado de la Rep\u00fablica, y \u00a0\u00a0el gran trabajo realizado por los salientes miembros del organismo comicial, principalmente su presidente Roberto Rosario.<\/p>\n<p>\u201cLa verdad que en el Comit\u00e9 Pol\u00edtico hablamos de la Junta Central Electoral, pero no decidimos quienes deber\u00edan ser\u201d, dijo enf\u00e1ticamente la titular de la secretar\u00eda de Formaci\u00f3n Pol\u00edtica del PLD entrevistada en el programa D\u00b4AGENDA<\/p>\n<p>Record\u00f3 que lo que decidi\u00f3 el Comit\u00e9 Pol\u00edtico en su \u00faltima reuni\u00f3n fue crear una comisi\u00f3n encabezada por el presidente del partido, doctor Leonel Fern\u00e1ndez para que se reuniera con la comisi\u00f3n de senadores que ten\u00eda a su cargo los trabajos de entrevistas y presentaci\u00f3n de ternas de los aspirantes a miembros de la Junta, para tratar de salvar los obst\u00e1culos que imped\u00edan avanzar sobre ese tema.<\/p>\n<p>Alejandrina Germ\u00e1n dijo que el PLD no pretend\u00eda, y lo demostr\u00f3,\u00a0 controlar la Junta Central Electoral, pero tampoco iba a permitir que otras organizaciones tuvieran el control de dicho \u00f3rgano.<\/p>\n<p>Insisti\u00f3 en que se hizo una buena selecci\u00f3n, que no se hizo una repartici\u00f3n y que se eligieron profesionales altamente calificados con una excelente hoja de servicios, y algunos de ellos con vasta experiencia en materia electoral, como es el caso del pr\u00f3ximo presidente del organismo Julio Cesar Casta\u00f1o Guzm\u00e1n.<\/p>\n<p>En torno al trabajo de los miembros saliente del organismo comicial, Alejandr\u00eda Germ\u00e1n destac\u00f3 el excelente trabajo realizado en el adecentamiento de las Oficial\u00edas del Registro Civil, y en la organizaci\u00f3n de los pasados procesos electorales.<\/p>\n<\/div>\n<\/div>\n","protected":false},"excerpt":{"rendered":"<p>Alejandrina Germ\u00e1n, integrante \u00a0del Comit\u00e9 Pol\u00edtico del Partido de la Liberaci\u00f3n Dominicana rechaz\u00f3 las acusaciones del bloque opositor en el sentido de que tanto ese organismo, como el presidente Danilo Medina fueron quienes decidieron la escogencia de los nuevos miembros de la Junta Central Electoral. Sin embargo, defendi\u00f3 la selecci\u00f3n hecha por el Senado de [&hellip;]<\/p>\n","protected":false},"author":1,"featured_media":0,"comment_status":"closed","ping_status":"closed","sticky":false,"template":"","format":"standard","meta":{"tdm_status":"","tdm_grid_status":"","footnotes":""},"categories":[9],"tags":[],"_links":{"self":[{"href":"https:\/\/pldaldia.com\/portada\/wp-json\/wp\/v2\/posts\/7363"}],"collection":[{"href":"https:\/\/pldaldia.com\/portada\/wp-json\/wp\/v2\/posts"}],"about":[{"href":"https:\/\/pldaldia.com\/portada\/wp-json\/wp\/v2\/types\/post"}],"author":[{"embeddable":true,"href":"https:\/\/pldaldia.com\/portada\/wp-json\/wp\/v2\/users\/1"}],"replies":[{"embeddable":true,"href":"https:\/\/pldaldia.com\/portada\/wp-json\/wp\/v2\/comments?post=7363"}],"version-history":[{"count":0,"href":"https:\/\/pldaldia.com\/portada\/wp-json\/wp\/v2\/posts\/7363\/revisions"}],"wp:attachment":[{"href":"https:\/\/pldaldia.com\/portada\/wp-json\/wp\/v2\/media?parent=7363"}],"wp:term":[{"taxonomy":"category","embeddable":true,"href":"https:\/\/pldaldia.com\/portada\/wp-json\/wp\/v2\/categories?post=7363"},{"taxonomy":"post_tag","embeddable":true,"href":"https:\/\/pldaldia.com\/portada\/wp-json\/wp\/v2\/tags?post=7363"}],"curies":[{"name":"wp","href":"https:\/\/api.w.org\/{rel}","templated":true}]}}