{"id":7379,"date":"2016-11-22T01:14:25","date_gmt":"2016-11-22T01:14:25","guid":{"rendered":"http:\/\/pldaldia.com\/portada\/?p=7379"},"modified":"2016-11-22T01:14:25","modified_gmt":"2016-11-22T01:14:25","slug":"senado-juramenta-nueva-jce-miembros-toman-posesion","status":"publish","type":"post","link":"https:\/\/pldaldia.com\/portada\/senado-juramenta-nueva-jce-miembros-toman-posesion\/","title":{"rendered":"Senado juramenta nueva JCE. Miembros toman posesi\u00f3n"},"content":{"rendered":"<p>En un acto solemne realizado en el Congreso Nacional el presidente del Senado, Reinaldo Pared P\u00e9rez, tom\u00f3 el juramento \u00a0 a los miembros y suplentes que integrar\u00e1n la nueva Junta Central Electoral (JCE), presidida por Julio C\u00e9sar Casta\u00f1os Guzm\u00e1n.<\/p>\n<p>Pared P\u00e9rez en compa\u00f1\u00eda de otros senadores y senadoras procedi\u00f3 a juramentar a Julio Cesar \u00a0Casta\u00f1os Guzm\u00e1n,\u00a0 presidente de la Junta y los \u00a0miembros \u00a0titulares Roberto Salad\u00edn Selin, Rosario Altagracia Graciano de los Santos ; Carmen Imbert Brugal y Henry Mej\u00eda Oviedo,<\/p>\n<p><a href=\"http:\/\/pldaldia.com\/portada\/wp-content\/uploads\/2016\/11\/2016-11-21-PHOTO-00000178.jpg\" rel=\"attachment wp-att-7382\"><img decoding=\"async\" loading=\"lazy\" class=\"alignnone size-full wp-image-7382\" src=\"http:\/\/pldaldia.com\/portada\/wp-content\/uploads\/2016\/11\/2016-11-21-PHOTO-00000178.jpg\" alt=\"2016-11-21-photo-00000178\" width=\"640\" height=\"426\" \/><\/a>Asimismo se hizo con los miembros suplentes Jos\u00e9 Miguel Minier, Jos\u00e9 Lino Mart\u00ednez, Luis Garc\u00eda, Rafael Evangelista y Juan Bautista Cuevas.<\/p>\n<p>Al proceder al juramento Reinaldo Pared P\u00e9rez, record\u00f3 que con la escogencia de los nuevos miembros de la JCE se da cumplimiento a los que establece la Constituci\u00f3n en su art\u00edculo 80.<\/p>\n<p>Julio C\u00e9sar Casta\u00f1os Guzm\u00e1n al pronunciar unas palabras posterior al juramento anunci\u00f3\u00a0 que dentro de sus prioridades est\u00e1 impulsar el consenso para la aprobaci\u00f3n de la Reforma a la Ley\u00a0 Electoral y la Ley de \u00a0partidos pol\u00edticos.<\/p>\n<p><a href=\"http:\/\/pldaldia.com\/portada\/wp-content\/uploads\/2016\/11\/en-la-JCE.jpg\" rel=\"attachment wp-att-7380\"><img decoding=\"async\" loading=\"lazy\" class=\"alignnone size-full wp-image-7380\" src=\"http:\/\/pldaldia.com\/portada\/wp-content\/uploads\/2016\/11\/en-la-JCE.jpg\" alt=\"en-la-jce\" width=\"693\" height=\"370\" \/><\/a>\u00a0Anunci\u00f3 \u00a0tambi\u00e9n que desde ya comienza a trabajar en los preparativos de las elecciones del 2020, debido a la complejidad de ese evento democr\u00e1tico.<\/p>\n<p>Hizo un llamado a la unidad institucional, as\u00ed como al cumplimiento de todos los deberes y obligaciones inherentes a la investidura que este lunes reciben al ser juramentado constitucionalmente por el Senado.<\/p>\n<p>Luego de ser juramentados los nuevos miembros de la JCE Se dirigieron a la sede que alberga el organismo electoral para ser posesionados<\/p>\n<p>Ya estando en la Junta Central Electoral y al producirse el traspaso de mando Julio C\u00e9sar Casta\u00f1os Guzm\u00e1n ponder\u00f3 la labor de Rosario y le dijo que puede irse con la satisfacci\u00f3n de que hizo su trabajo. \u201cEl trabajo es el mejor abogado, y usted hizo su trabajo\u201d, manifest\u00f3.<\/p>\n<p>Rosario, qui\u00e9n pronunci\u00f3 unas breves palabras, resalt\u00f3 los cambios experimentados por la JCE durante su gesti\u00f3n. \u201cLa JCE que est\u00e1n recibiendo, en sentido general, es muy diferente a la que yo recib\u00ed en el 2006, en la que fui electo miembro y presidente de la C\u00e1mara Administrativa, fruto del crecimiento institucional experimentado hasta la fecha. En lo esencial, ha sido transformada en una instituci\u00f3n de servicios p\u00fablicos\u201d, subray\u00f3.<\/p>\n<p>En ambas actividades prim\u00f3 el respeto , la cordialidad y solemnidad<\/p>\n<p>&nbsp;<\/p>\n","protected":false},"excerpt":{"rendered":"<p>En un acto solemne realizado en el Congreso Nacional el presidente del Senado, Reinaldo Pared P\u00e9rez, tom\u00f3 el juramento \u00a0 a los miembros y suplentes que integrar\u00e1n la nueva Junta Central Electoral (JCE), presidida por Julio C\u00e9sar Casta\u00f1os Guzm\u00e1n. Pared P\u00e9rez en compa\u00f1\u00eda de otros senadores y senadoras procedi\u00f3 a juramentar a Julio Cesar \u00a0Casta\u00f1os [&hellip;]<\/p>\n","protected":false},"author":1,"featured_media":0,"comment_status":"closed","ping_status":"closed","sticky":false,"template":"","format":"standard","meta":{"tdm_status":"","tdm_grid_status":"","footnotes":""},"categories":[9],"tags":[],"_links":{"self":[{"href":"https:\/\/pldaldia.com\/portada\/wp-json\/wp\/v2\/posts\/7379"}],"collection":[{"href":"https:\/\/pldaldia.com\/portada\/wp-json\/wp\/v2\/posts"}],"about":[{"href":"https:\/\/pldaldia.com\/portada\/wp-json\/wp\/v2\/types\/post"}],"author":[{"embeddable":true,"href":"https:\/\/pldaldia.com\/portada\/wp-json\/wp\/v2\/users\/1"}],"replies":[{"embeddable":true,"href":"https:\/\/pldaldia.com\/portada\/wp-json\/wp\/v2\/comments?post=7379"}],"version-history":[{"count":0,"href":"https:\/\/pldaldia.com\/portada\/wp-json\/wp\/v2\/posts\/7379\/revisions"}],"wp:attachment":[{"href":"https:\/\/pldaldia.com\/portada\/wp-json\/wp\/v2\/media?parent=7379"}],"wp:term":[{"taxonomy":"category","embeddable":true,"href":"https:\/\/pldaldia.com\/portada\/wp-json\/wp\/v2\/categories?post=7379"},{"taxonomy":"post_tag","embeddable":true,"href":"https:\/\/pldaldia.com\/portada\/wp-json\/wp\/v2\/tags?post=7379"}],"curies":[{"name":"wp","href":"https:\/\/api.w.org\/{rel}","templated":true}]}}