{"id":7384,"date":"2016-11-22T12:44:29","date_gmt":"2016-11-22T12:44:29","guid":{"rendered":"http:\/\/pldaldia.com\/portada\/?p=7384"},"modified":"2016-11-23T12:45:51","modified_gmt":"2016-11-23T12:45:51","slug":"integrar-los-ayuntamientos","status":"publish","type":"post","link":"https:\/\/pldaldia.com\/portada\/integrar-los-ayuntamientos\/","title":{"rendered":"Integrar los ayuntamientos"},"content":{"rendered":"<p><strong><em>Ignacio Ditr\u00e9n<\/em><\/strong><em> opina que no se debe aislar a las alcald\u00edas de \u00a0la soluci\u00f3n de los inconvenientes causados por las lluvias.<\/em><\/p>\n<p><strong>Ignacio Ditr\u00e9n<\/strong> plante\u00f3 este d\u00eda\u00a0\u00a0 la necesidad de que \u00a0las instituciones del Estado integren a los Ayuntamientos y Distritos Municipales en los trabajos que realizan para enfrentar los graves problemas \u00a0presentados por los torrenciales y continuos aguaceros que estado \u00a0cayendo en el territorio nacional , con efectos negativos en las\u00a0 nonas Norte, Noroeste, nordeste \u00a0y el Cibao Central.<\/p>\n<p>Entrevistado en el programa Diario de 4, \u00a0el titular de la Secretar\u00eda de Asuntos Municipales del Partido de la Liberaci\u00f3n Dominicana plante\u00f3 adem\u00e1s la necesidad de que dirigentes y militantes del PLD \u00a0se integren junto al gobierno a colaborar con las labores de asistencia a los damnificados.<\/p>\n<p>Ditr\u00e9n explic\u00f3 que estos fen\u00f3menos que nos est\u00e1n afectando son la consecuencia de los da\u00f1os que le hemos provocado a la naturaleza, \u201csacamos materiales de nuestros r\u00edos, ocupamos sus cauces, lanzamos desperdicios por doquier, cortamos \u00e1rboles de manera indiscriminada, construimos viviendas en lugares vulnerables entre otras agresiones\u201d, explic\u00f3.<\/p>\n<p>\u201cEn estos casos lo correcto es involucrar a las autoridades locales, que es la que conocen la problem\u00e1tica de cada comunidad\u201d dijo Ditr\u00e9n al criticar la postura individual y de aislamiento de algunos funcionarios gubernamentales.<\/p>\n<p>Explic\u00f3 que el alcalde o laS alcaldesas y los directores de distritos son los administradores de los peque\u00f1os territorios y cuando llegan las autoridades nacionales, estos ejecutivos municipales ya est\u00e1n en los lugares que se le requiere.<\/p>\n<p>En esa t\u00f3nica el municipalista, miembro del Comit\u00e9 Central del PLD reclam\u00f3 del Congreso Nacional \u00a0colocar dentro de sus\u00a0 \u00a0prioridades el conocimiento del proyecto de ley de Ordenamiento Territorial que ya fue aprobado por la C\u00e1mara de Diputados, pues ya convertida en Ley regular\u00eda el uso del suelo determinando que cosa puede ir en cada lugar.<\/p>\n","protected":false},"excerpt":{"rendered":"<p>Ignacio Ditr\u00e9n opina que no se debe aislar a las alcald\u00edas de \u00a0la soluci\u00f3n de los inconvenientes causados por las lluvias. Ignacio Ditr\u00e9n plante\u00f3 este d\u00eda\u00a0\u00a0 la necesidad de que \u00a0las instituciones del Estado integren a los Ayuntamientos y Distritos Municipales en los trabajos que realizan para enfrentar los graves problemas \u00a0presentados por los torrenciales [&hellip;]<\/p>\n","protected":false},"author":1,"featured_media":0,"comment_status":"closed","ping_status":"closed","sticky":false,"template":"","format":"standard","meta":{"tdm_status":"","tdm_grid_status":"","footnotes":""},"categories":[9],"tags":[],"_links":{"self":[{"href":"https:\/\/pldaldia.com\/portada\/wp-json\/wp\/v2\/posts\/7384"}],"collection":[{"href":"https:\/\/pldaldia.com\/portada\/wp-json\/wp\/v2\/posts"}],"about":[{"href":"https:\/\/pldaldia.com\/portada\/wp-json\/wp\/v2\/types\/post"}],"author":[{"embeddable":true,"href":"https:\/\/pldaldia.com\/portada\/wp-json\/wp\/v2\/users\/1"}],"replies":[{"embeddable":true,"href":"https:\/\/pldaldia.com\/portada\/wp-json\/wp\/v2\/comments?post=7384"}],"version-history":[{"count":0,"href":"https:\/\/pldaldia.com\/portada\/wp-json\/wp\/v2\/posts\/7384\/revisions"}],"wp:attachment":[{"href":"https:\/\/pldaldia.com\/portada\/wp-json\/wp\/v2\/media?parent=7384"}],"wp:term":[{"taxonomy":"category","embeddable":true,"href":"https:\/\/pldaldia.com\/portada\/wp-json\/wp\/v2\/categories?post=7384"},{"taxonomy":"post_tag","embeddable":true,"href":"https:\/\/pldaldia.com\/portada\/wp-json\/wp\/v2\/tags?post=7384"}],"curies":[{"name":"wp","href":"https:\/\/api.w.org\/{rel}","templated":true}]}}