{"id":7387,"date":"2016-11-23T19:06:18","date_gmt":"2016-11-23T19:06:18","guid":{"rendered":"http:\/\/pldaldia.com\/portada\/?p=7387"},"modified":"2016-11-23T19:06:18","modified_gmt":"2016-11-23T19:06:18","slug":"la-unidad-es-clave","status":"publish","type":"post","link":"https:\/\/pldaldia.com\/portada\/la-unidad-es-clave\/","title":{"rendered":"La unidad es clave"},"content":{"rendered":"<p>&nbsp;<\/p>\n<p><strong><em>Rafael Alburquerque<\/em><\/strong><em> destaca madurez de la dirigencia del PLD<\/em><\/p>\n<p><strong>Rafael Alburquerque<\/strong>, miembro del Comit\u00e9 Pol\u00edtico del Partido de la Liberaci\u00f3n Dominicana, neg\u00f3 que se avizore una ruptura por liderazgos en esa organizaci\u00f3n ya que sus grandes l\u00edderes tienen la suficiente madurez para mantener la unidad partidaria, que es donde estriba la clave de los \u00e9xitos electorales de esa organizaci\u00f3n<\/p>\n<p>El ex vicepresidente de la Rep\u00fablica dijo que los pelede\u00edstas est\u00e1n conscientes de la importancia de mantener la unidad en el Partido de la Liberaci\u00f3n Dominicana y continuar gobernando el pa\u00eds y administrando la cosa p\u00fablica.<\/p>\n<p>\u201cEl presidente de la Rep\u00fablica Danilo Medina y el presidente del PLD, \u00a0Leonel Fern\u00e1ndez, \u00a0est\u00e1n consciente de que s\u00f3lo la unidad garantiza el triunfo pelede\u00edsta\u201d, declar\u00f3 Alburquerque a los periodistas al programa el Sol de la Ma\u00f1ana, referido por la Secretar\u00eda de Comunicaciones del PLD.<\/p>\n<p>Agreg\u00f3 que esa colectividad \u00a0ha sido la garant\u00eda de esos triunfos electorales por encima del 50 por ciento. \u201cPor supuesto, tomando los correctivos de lugar para que no nos vayamos a morir de \u00e9xitos\u201d.<\/p>\n<p>Manifest\u00f3 que en estos momentos \u00a0el inter\u00e9s del presidente del Partido de la Liberaci\u00f3n Dominicana, \u00a0Leonel Fern\u00e1ndez, \u00a0es trabajar para poner en pr\u00e1ctica las resoluciones del VIII Congreso Comandante Norge Botello.<\/p>\n<p>Consider\u00f3 que la organizaci\u00f3n tiene que volver a sus or\u00edgenes, aclarando que no necesariamente a los C\u00edrculos de Estudios, pero si a la calidad, \u201ccalidad que convertimos en cantidad, y ahora tenemos que transformarla en calidad\u201d, dijo Alburquerque recordando expresiones del profesor Juan Bosch.<\/p>\n<p>Leonel Fern\u00e1ndez est\u00e1 inmerso en que el partido aplique las resoluciones del VIII Congreso \u201cporque nos damos cuenta\u00a0 que se debe evitar que el PLD entre en un estado de conflicto\u00a0 y descomposici\u00f3n\u201d, indic\u00f3.<\/p>\n","protected":false},"excerpt":{"rendered":"<p>&nbsp; Rafael Alburquerque destaca madurez de la dirigencia del PLD Rafael Alburquerque, miembro del Comit\u00e9 Pol\u00edtico del Partido de la Liberaci\u00f3n Dominicana, neg\u00f3 que se avizore una ruptura por liderazgos en esa organizaci\u00f3n ya que sus grandes l\u00edderes tienen la suficiente madurez para mantener la unidad partidaria, que es donde estriba la clave de los [&hellip;]<\/p>\n","protected":false},"author":1,"featured_media":0,"comment_status":"closed","ping_status":"closed","sticky":false,"template":"","format":"standard","meta":{"tdm_status":"","tdm_grid_status":"","footnotes":""},"categories":[9],"tags":[],"_links":{"self":[{"href":"https:\/\/pldaldia.com\/portada\/wp-json\/wp\/v2\/posts\/7387"}],"collection":[{"href":"https:\/\/pldaldia.com\/portada\/wp-json\/wp\/v2\/posts"}],"about":[{"href":"https:\/\/pldaldia.com\/portada\/wp-json\/wp\/v2\/types\/post"}],"author":[{"embeddable":true,"href":"https:\/\/pldaldia.com\/portada\/wp-json\/wp\/v2\/users\/1"}],"replies":[{"embeddable":true,"href":"https:\/\/pldaldia.com\/portada\/wp-json\/wp\/v2\/comments?post=7387"}],"version-history":[{"count":0,"href":"https:\/\/pldaldia.com\/portada\/wp-json\/wp\/v2\/posts\/7387\/revisions"}],"wp:attachment":[{"href":"https:\/\/pldaldia.com\/portada\/wp-json\/wp\/v2\/media?parent=7387"}],"wp:term":[{"taxonomy":"category","embeddable":true,"href":"https:\/\/pldaldia.com\/portada\/wp-json\/wp\/v2\/categories?post=7387"},{"taxonomy":"post_tag","embeddable":true,"href":"https:\/\/pldaldia.com\/portada\/wp-json\/wp\/v2\/tags?post=7387"}],"curies":[{"name":"wp","href":"https:\/\/api.w.org\/{rel}","templated":true}]}}