{"id":7390,"date":"2016-11-23T19:07:12","date_gmt":"2016-11-23T19:07:12","guid":{"rendered":"http:\/\/pldaldia.com\/portada\/?p=7390"},"modified":"2016-11-23T19:07:12","modified_gmt":"2016-11-23T19:07:12","slug":"proyectos-de-reglamentos","status":"publish","type":"post","link":"https:\/\/pldaldia.com\/portada\/proyectos-de-reglamentos\/","title":{"rendered":"Proyectos de Reglamentos"},"content":{"rendered":"<p>&nbsp;<\/p>\n<p><em>Prev\u00e9n convocar al Comit\u00e9 Central del PLD para el pr\u00f3ximo mes de enero.<\/em><\/p>\n<p>Los miembros del Comit\u00e9 Pol\u00edtico del Partido de la Liberaci\u00f3n Dominicana (PLD) \u00a0tienen de plazo hasta el d\u00eda 15 de diciembre para hacer los reparos y sugerencias a los \u00a0ocho proyectos de reglamentos para aplicar las resoluciones del VIII Congreso Ordinario Comandante Norge Botello.<\/p>\n<p>En la reuni\u00f3n del Comit\u00e9 Pol\u00edtico del lunes 14 de noviembre\u00a0 se decidi\u00f3 otorgar un plazo hasta el 15 de diciembre para se le hagan correcciones recomendaciones a los reglamentos antes de ser conocidos por el Comit\u00e9 Central.<\/p>\n<p>Dos comisiones del Comit\u00e9 Pol\u00edtico designada en Julio pasado \u00a0han rendido su informe entregando dichos reglamentos para su estudio y recomendaci\u00f3n.<\/p>\n<p>En un escrito en <strong>Vanguardia del Pueblo<\/strong> en el formato digital, H\u00e9ctor Olivo, Secretario de Comunicaciones del PLD, \u00a0recuerda cuales son los proyectos de reglamentos y las responsabilidades pendientes del Comit\u00e9 Pol\u00edtico y del Comit\u00e9 Central.<\/p>\n<p>El Comit\u00e9 Pol\u00edtico design\u00f3 varias \u00a0comisiones que \u00a0elaboraron \u00a0los proyectos de Reglamentos para el funcionamiento de las diferentes estructuras partidaria, proyectos que requieren la aprobaci\u00f3n del Comit\u00e9 Central.<\/p>\n<p>En proyecto se contempla convocar a los miembros del Comit\u00e9 Central para enero pr\u00f3ximo.<\/p>\n<p>En el trabajo de <strong>Vanguardia del Pueblo<\/strong> se citan los proyectos de reglamentos que esperan las enmiendas del Comit\u00e9 Pol\u00edtico para su aprobaci\u00f3n definitiva del Comit\u00e9 Central; son ; Reglamento de \u00a0Organizaci\u00f3n y Funcionamiento del Comit\u00e9 Central, Funcionamiento de la Unidad de Fiscalizaci\u00f3n, Evaluaci\u00f3n y Control, del Secretariado, de Disciplina y \u00c9tica, para la elecci\u00f3n de las diferentes direcciones (provinciales, municipales de Circunscripciones Electorales, de Seccionales, de Bloques de Comit\u00e9s Intermedios y de Comit\u00e9s Intermedios), ara la designaci\u00f3n de Enlaces, para Revisi\u00f3n y Actualizaci\u00f3n del Padr\u00f3n, para reestructura y multiplicar los Comit\u00e9s Intermedios.<\/p>\n<p>Los ocho proyectos de Reglamentos se sustentan en documentos anteriores y siguen al pie de la letra los lineamientos estatutarios.<\/p>\n","protected":false},"excerpt":{"rendered":"<p>&nbsp; Prev\u00e9n convocar al Comit\u00e9 Central del PLD para el pr\u00f3ximo mes de enero. Los miembros del Comit\u00e9 Pol\u00edtico del Partido de la Liberaci\u00f3n Dominicana (PLD) \u00a0tienen de plazo hasta el d\u00eda 15 de diciembre para hacer los reparos y sugerencias a los \u00a0ocho proyectos de reglamentos para aplicar las resoluciones del VIII Congreso Ordinario [&hellip;]<\/p>\n","protected":false},"author":1,"featured_media":0,"comment_status":"closed","ping_status":"closed","sticky":false,"template":"","format":"standard","meta":{"tdm_status":"","tdm_grid_status":"","footnotes":""},"categories":[9],"tags":[],"_links":{"self":[{"href":"https:\/\/pldaldia.com\/portada\/wp-json\/wp\/v2\/posts\/7390"}],"collection":[{"href":"https:\/\/pldaldia.com\/portada\/wp-json\/wp\/v2\/posts"}],"about":[{"href":"https:\/\/pldaldia.com\/portada\/wp-json\/wp\/v2\/types\/post"}],"author":[{"embeddable":true,"href":"https:\/\/pldaldia.com\/portada\/wp-json\/wp\/v2\/users\/1"}],"replies":[{"embeddable":true,"href":"https:\/\/pldaldia.com\/portada\/wp-json\/wp\/v2\/comments?post=7390"}],"version-history":[{"count":0,"href":"https:\/\/pldaldia.com\/portada\/wp-json\/wp\/v2\/posts\/7390\/revisions"}],"wp:attachment":[{"href":"https:\/\/pldaldia.com\/portada\/wp-json\/wp\/v2\/media?parent=7390"}],"wp:term":[{"taxonomy":"category","embeddable":true,"href":"https:\/\/pldaldia.com\/portada\/wp-json\/wp\/v2\/categories?post=7390"},{"taxonomy":"post_tag","embeddable":true,"href":"https:\/\/pldaldia.com\/portada\/wp-json\/wp\/v2\/tags?post=7390"}],"curies":[{"name":"wp","href":"https:\/\/api.w.org\/{rel}","templated":true}]}}