{"id":7396,"date":"2016-11-24T15:10:13","date_gmt":"2016-11-24T15:10:13","guid":{"rendered":"http:\/\/pldaldia.com\/portada\/?p=7396"},"modified":"2016-11-24T15:12:10","modified_gmt":"2016-11-24T15:12:10","slug":"salu-hernandez-es-necesario-rescatar-la-disciplina-partidaria","status":"publish","type":"post","link":"https:\/\/pldaldia.com\/portada\/salu-hernandez-es-necesario-rescatar-la-disciplina-partidaria\/","title":{"rendered":"Sal\u00fa Hern\u00e1ndez: Es necesario rescatar la disciplina partidaria"},"content":{"rendered":"<p>Sal\u00fa Hern\u00e1ndez es miembro fundador del Partido de la Liberaci\u00f3n Dominicana (PLD) , en especial del Comit\u00e9 Intermedio Capit\u00e1n M\u00e1ximo Cabral de la Capital. En la actualidad milita en el Comit\u00e9 Intermedio Cayo B\u00e1ez \u201cJ\u201d de la secci\u00f3n Reparadero del distrito municipal Yamas\u00e1, Los botados.<\/p>\n<p>De su condici\u00f3n de capitalino y dedicado a los negocios, se mud\u00f3 a esa zona rural de Monte Plata en donde ha realizado un trabajo comunitario muy bien valorado por la poblaci\u00f3n. Teniendo de base una ONG, que coordina, ha trabajado dotando de acta de nacimiento a adultos que no la ten\u00edan y procurando soluciones a problemas comunitarios.<\/p>\n<p>Respondi\u00f3 a la invitaci\u00f3n que le hiciera Vanguardia del Pueblo para hablar de su historia en el PLD y sus largos a\u00f1os al lado de su l\u00edder hist\u00f3rico, el profesor Juan Bosch.<\/p>\n<p>Del PRD al PLD<\/p>\n<p>Con militancia anterior en el Partido Revolucionario Dominicano, en la denominada Zona A de la ciudad capital, Sal\u00fa Hern\u00e1ndez renuncia a la misma en la fecha en que lo hace el Profesor Juan Bosch, noviembre de 1973.<\/p>\n<p>El local de esta fogosa zona pol\u00edtica del Distrito Nacional se encontraba en la calle Teniente Amado Garc\u00eda Guerrero esquina Jer\u00f3nimo de Pe\u00f1a en el barrio San Carlos, en donde se reun\u00edan las estructuras del PRD de los barrios aleda\u00f1os.<\/p>\n<p>Hace menci\u00f3n de su participaci\u00f3n en un C\u00edrculo de Estudio en el PRD, coordinado por Milagros Ortiz Bosch.<\/p>\n<p>Ante el asombro del equipo que le entrevistaba, Hern\u00e1ndez explica que los C\u00edrculos de Estudios, que con el tiempo formaron pol\u00edticamente a miles de dirigentes del PLD, se iniciaron en el PRD.<\/p>\n<p>\u201cNorge Botello nos lleva la noticia de la renuncia de Bosch del PRD, lo que motiv\u00f3 la renuncia masiva de los que est\u00e1bamos en la Zona A\u201d, recuerda.<\/p>\n<p>Narra entonces que se trasladaron a la avenida Independencia esquina Cervantes, en Gascue, en donde funcionaba la sede nacional del PRD, que fue ocupada por los militantes que renunciaron.<\/p>\n<p>De ese episodio guarda en su memoria el arrojo de Tony Delgado, apodado El Osito y la forma como organiz\u00f3 la defensa a los ataques a tiros y piedras que recibieron.<\/p>\n<p>Or\u00edgenes del M\u00e1ximo Cabral<\/p>\n<p>En donde Sal\u00fa Hern\u00e1ndez puso las primeras piedras de la estructura del PLD fue en el tradicional Comit\u00e9 Intermedio Capit\u00e1n M\u00e1ximo Cabral, en San Carlos.<\/p>\n<p>Los renunciantes de la Zona A constituyeron este organismo que con el nuevo partido cambi\u00f3 la designaci\u00f3n de Zona para llamarse Comit\u00e9 Intermedio.<\/p>\n<p>Dice que la primera reuni\u00f3n para dejar constituido dicho Intermedio se hizo en el Parque Enriquillo, en la avenida Duarte.<\/p>\n<p>Sentado en un banco estaban Norge Botello, coordinador del grupo inicial, Hugo Acosta (Huguito), Tony Delgado, Marino Pichardo, Luis Batista de oficio zapatero y Rosa NG.<\/p>\n<p>Realizaron algunas reuniones all\u00ed y a solicitud de Batista se trasladaron a su casa en la calle Ravelo, que hubo de abandonar porque su esposa no estaba de acuerdo con que se reunieran all\u00ed.<\/p>\n<p>\u201cEs entonces cuando sugiero que los encuentros se realizaran en mi casa, ubicada en la parte de atr\u00e1s de la casa n\u00famero 117 de la calle Par\u00eds\u201d en donde comenz\u00f3 a funcionar el Intermedio.<\/p>\n<p>Dice que en poco tiempo se sinti\u00f3 la necesidad de alquilar una casa, la que se consigui\u00f3 en la calle Jer\u00f3nimo de Pe\u00f1a, de donde se traslad\u00f3 a la calle Abreu, casi esquina Barahona, donde a\u00fan funciona.<\/p>\n<p>La idea de ponerle el nombre del h\u00e9roe de la batalla de la Barranquita, Capit\u00e1n M\u00e1ximo Cabral, fue de Norge Botello, quien les dio a conocer de qui\u00e9n se trataba.<\/p>\n<p>Vio desfilar por all\u00ed j\u00f3venes que son hoy reconocidos dirigentes. Cit\u00f3 entre otros a Alejandrina Germ\u00e1n, Aristipo Vidal, Luis Inchausti, Danilo D\u00edaz, Rosa Salas, Leticia Pe\u00f1a, Isabel Matos, Marino Lacay, los hermanos Sosa, Emigdio y Jos\u00e9 Mar\u00eda, tambi\u00e9n los hermanos Guerrero, Laureano y Aurelio, Ta\u00edna Gautreaux, Johnny Rosario, Rafael Espinal, Jos\u00e9 Tom\u00e1s P\u00e9rez, H\u00e9ctor Olivo y Gustavo Can\u00f3.<\/p>\n<p>Se detiene en la larga lista para mencionar al ahora presidente de la Rep\u00fablica Danilo Medina.<\/p>\n<p>\u201cCon el compa\u00f1ero Danilo Medina sal\u00ed varias veces en los esfuerzos concentrados. Era un estudiante de la UASD y desde ese entonces perfil\u00f3 su liderazgo y desarrollo en pol\u00edtica\u201d, explica.<\/p>\n<p>Dice que siendo presidente de la Rep\u00fablica le ha dado muestra de amistad, porque donde le ha visto lo distingue y lo llama con nombre y apellido.<\/p>\n<p>de la Seguridad de Juan Bosch<\/p>\n<p>Sal\u00fa Hern\u00e1ndez altern\u00f3 su militancia en el PLD con el mundo de los negocios. En la d\u00e9cada de 1980 era el propietario de dos casas de cambio, dedicadas al canje de d\u00f3lares y cheques.<\/p>\n<p>Recuerda que se le evalu\u00f3 por su empe\u00f1o, dedicaci\u00f3n y lealtad al Partido para formar parte del equipo cercano al presidente de la organizaci\u00f3n, el ex presidente de la Rep\u00fablica, Profesor Juan Bosch.<\/p>\n<p>Le dijo a Norge Botello que en su condici\u00f3n de hombre de negocios le era dif\u00edcil cumplir con una encomienda tan delicada y se nos dijo: \u201cUsted es un soldado del Partido y como tal debe asumir la tarea que se le asignara\u201d.<\/p>\n<p>Cumpli\u00f3 con el cometido encargado durante catorce a\u00f1os al lado de Bosch.<\/p>\n<p>\u201cY qu\u00e9 sorpresa me llev\u00e9 cuando el primer d\u00eda que amanec\u00ed, me llam\u00f3 el propio don Juan y me dijo que pasara para desayunarse. El mismo me sirvi\u00f3 un chocolate que prepar\u00f3 con pan. Es que don Juan fue grande entre los grandes\u201d, revel\u00f3.<\/p>\n<p>En esos catorce a\u00f1os Sal\u00fa fue del equipo de seguridad de Bosch y su chofer.<\/p>\n<p>Orgulloso se siente al decir que era la persona que surt\u00eda de frutas el refrigerador de la casa del fundador del PLD, porque, afirma, muri\u00f3 siendo un amante de las frutas. \u201cEra organizado en sus comidas. Com\u00eda en horas de la tarde\u201d.<\/p>\n<p>En los o\u00eddos del entrevistado de Vanguardia del Pueblo para la secci\u00f3n \u201cTradici\u00f3n Pelede\u00edsta\u201d, resuena el teclado de la m\u00e1quina de escribir del Profesor Juan Bosch, la agilidad de sus tecleos y la forma, siempre decente y respetuosa, de llamar a su asistente, la compa\u00f1era M\u00edldred Guzm\u00e1n.<\/p>\n<p>Una verdadera escuela<\/p>\n<p>Confiesa Sal\u00fa Hern\u00e1ndez que ese tiempo al lado de Juan Bosch lo marc\u00f3 para toda la vida. \u201cEs que ah\u00ed aprend\u00ed a comportarme, a comer, a conducirme y el h\u00e1bito por la lectura\u201d.<\/p>\n<p>Con un trato de respeto y con apego a disciplina partidaria, nos dice que entabl\u00f3 con el expresidente una relaci\u00f3n de amistad y de padre a hijo.<\/p>\n<p>Revela que el sueldo de la pensi\u00f3n de Bosch, la que decidi\u00f3 tomar luego de muchos a\u00f1os, la emple\u00f3 para consolidar el Partido y reconstruir la Casa Nacional.<\/p>\n<p>Despu\u00e9s de esa inversi\u00f3n, recib\u00eda el cheque, que cada mes endosaba y Sal\u00fa Hern\u00e1ndez cambiaba y cumpl\u00eda al pie de la letra las instrucciones del maestro, quien le indicaba por escrito c\u00f3mo distribuir entre familiares, amigos cercanos y colaboradores suyos los 500 pesos de la pensi\u00f3n.<\/p>\n<p>Entre las personas a las que entregaba 20 pesos estaba Julia, que no recuerda su apellido, quien se encargaba de la limpieza de la oficina y casa de la calle C\u00e9sar Nicol\u00e1s Penson.<\/p>\n<p>\u201cEsos chelitos se distribu\u00edan como \u00e9l lo indicaba y ten\u00eda que rendirle un informe detallado, porque en eso siempre fue exigente\u201d, agreg\u00f3.<\/p>\n<p>Revel\u00f3 tambi\u00e9n que peri\u00f3dicamente el Profesor Juan Bosch recib\u00eda dinero en d\u00f3lares de la venta de sus libros y que tambi\u00e9n los recib\u00eda para ser canjeados.<\/p>\n<p>seguridad personal y chofer<\/p>\n","protected":false},"excerpt":{"rendered":"<p>Sal\u00fa Hern\u00e1ndez es miembro fundador del Partido de la Liberaci\u00f3n Dominicana (PLD) , en especial del Comit\u00e9 Intermedio Capit\u00e1n M\u00e1ximo Cabral de la Capital. En la actualidad milita en el Comit\u00e9 Intermedio Cayo B\u00e1ez \u201cJ\u201d de la secci\u00f3n Reparadero del distrito municipal Yamas\u00e1, Los botados. De su condici\u00f3n de capitalino y dedicado a los negocios, [&hellip;]<\/p>\n","protected":false},"author":1,"featured_media":0,"comment_status":"closed","ping_status":"closed","sticky":false,"template":"","format":"standard","meta":{"tdm_status":"","tdm_grid_status":"","footnotes":""},"categories":[9],"tags":[],"_links":{"self":[{"href":"https:\/\/pldaldia.com\/portada\/wp-json\/wp\/v2\/posts\/7396"}],"collection":[{"href":"https:\/\/pldaldia.com\/portada\/wp-json\/wp\/v2\/posts"}],"about":[{"href":"https:\/\/pldaldia.com\/portada\/wp-json\/wp\/v2\/types\/post"}],"author":[{"embeddable":true,"href":"https:\/\/pldaldia.com\/portada\/wp-json\/wp\/v2\/users\/1"}],"replies":[{"embeddable":true,"href":"https:\/\/pldaldia.com\/portada\/wp-json\/wp\/v2\/comments?post=7396"}],"version-history":[{"count":0,"href":"https:\/\/pldaldia.com\/portada\/wp-json\/wp\/v2\/posts\/7396\/revisions"}],"wp:attachment":[{"href":"https:\/\/pldaldia.com\/portada\/wp-json\/wp\/v2\/media?parent=7396"}],"wp:term":[{"taxonomy":"category","embeddable":true,"href":"https:\/\/pldaldia.com\/portada\/wp-json\/wp\/v2\/categories?post=7396"},{"taxonomy":"post_tag","embeddable":true,"href":"https:\/\/pldaldia.com\/portada\/wp-json\/wp\/v2\/tags?post=7396"}],"curies":[{"name":"wp","href":"https:\/\/api.w.org\/{rel}","templated":true}]}}