{"id":7400,"date":"2016-11-24T20:41:55","date_gmt":"2016-11-24T20:41:55","guid":{"rendered":"http:\/\/pldaldia.com\/portada\/?p=7400"},"modified":"2016-11-24T20:41:55","modified_gmt":"2016-11-24T20:41:55","slug":"jce-de-consenso","status":"publish","type":"post","link":"https:\/\/pldaldia.com\/portada\/jce-de-consenso\/","title":{"rendered":"JCE de consenso"},"content":{"rendered":"<p>&nbsp;<\/p>\n<p><em>Desde Santiago <strong>Fernando Rosa<\/strong> saluda la nueva Junta Central Electoral.<\/em><\/p>\n<p><strong>Fernando Rosa,<\/strong> miembro del Comit\u00e9 Central del Partido de la Liberaci\u00f3n Dominicana\u00a0 dice\u00a0 confiar \u00a0que los nuevos miembros de la Junta Central Electoral (JCE), podr\u00e1n llenar las expectativas que tiene la poblaci\u00f3n dominicana de continuar el fortalecimiento democr\u00e1tico, el estado de derecho y la gobernabilidad del pa\u00eds.<\/p>\n<p>Rosa\u00a0 salud\u00f3 el esfuerzo \u00a0de senadores y otros sectores que contribuyeron a lograr consenso para la conformaci\u00f3n del organismo de elecciones.<\/p>\n<p>Record\u00f3 que la JCE\u00a0 juramentada esta semana \u00a0tiene el compromiso de no solo preparar las elecciones del 2020, tambi\u00e9n trabajar las oficial\u00edas civiles.<\/p>\n<p>Fernando Rosa pidi\u00f3 a todos los sectores, incluyendo a los partidos pol\u00edticos, \u00a0colaborar con los nuevos integrantes de la JCE, para que sea posible\u00a0 lograr el prop\u00f3sito de desarrollar la labor que le ha sido encomendada.<\/p>\n<p>Puso de manifiesto el dirigente pol\u00edtico \u00a0Santiaguero que se escogi\u00f3 una Junta con hombres y mujeres reconocidos por la sociedad como gente con buena intenci\u00f3n de cumplir su responsabilidad, lo que al final es lo que importa.<\/p>\n<p>\u201cPienso que si por alguna raz\u00f3n, alg\u00fan sector se siente no complacido, es cuesti\u00f3n de sentarse a dialogar e impulsar acciones que demuestre la buena intenci\u00f3n\u00a0 de trabajar a favor del pa\u00eds\u201d, expuso Fernando Rosa.<\/p>\n<p>Rosa, felicit\u00f3 al licenciando Julio Cesar casta\u00f1os Guzm\u00e1n, presidente; a los integrantes Roberto Saladin, Carmen Imbert Brugal, Henri Mej\u00eda y Graciano de Los Santos, as\u00ed como a los suplementes encabezados por Jos\u00e9 Miguel Minier, de Santiago.<\/p>\n","protected":false},"excerpt":{"rendered":"<p>&nbsp; Desde Santiago Fernando Rosa saluda la nueva Junta Central Electoral. Fernando Rosa, miembro del Comit\u00e9 Central del Partido de la Liberaci\u00f3n Dominicana\u00a0 dice\u00a0 confiar \u00a0que los nuevos miembros de la Junta Central Electoral (JCE), podr\u00e1n llenar las expectativas que tiene la poblaci\u00f3n dominicana de continuar el fortalecimiento democr\u00e1tico, el estado de derecho y la [&hellip;]<\/p>\n","protected":false},"author":1,"featured_media":0,"comment_status":"closed","ping_status":"closed","sticky":false,"template":"","format":"standard","meta":{"tdm_status":"","tdm_grid_status":"","footnotes":""},"categories":[9],"tags":[],"_links":{"self":[{"href":"https:\/\/pldaldia.com\/portada\/wp-json\/wp\/v2\/posts\/7400"}],"collection":[{"href":"https:\/\/pldaldia.com\/portada\/wp-json\/wp\/v2\/posts"}],"about":[{"href":"https:\/\/pldaldia.com\/portada\/wp-json\/wp\/v2\/types\/post"}],"author":[{"embeddable":true,"href":"https:\/\/pldaldia.com\/portada\/wp-json\/wp\/v2\/users\/1"}],"replies":[{"embeddable":true,"href":"https:\/\/pldaldia.com\/portada\/wp-json\/wp\/v2\/comments?post=7400"}],"version-history":[{"count":0,"href":"https:\/\/pldaldia.com\/portada\/wp-json\/wp\/v2\/posts\/7400\/revisions"}],"wp:attachment":[{"href":"https:\/\/pldaldia.com\/portada\/wp-json\/wp\/v2\/media?parent=7400"}],"wp:term":[{"taxonomy":"category","embeddable":true,"href":"https:\/\/pldaldia.com\/portada\/wp-json\/wp\/v2\/categories?post=7400"},{"taxonomy":"post_tag","embeddable":true,"href":"https:\/\/pldaldia.com\/portada\/wp-json\/wp\/v2\/tags?post=7400"}],"curies":[{"name":"wp","href":"https:\/\/api.w.org\/{rel}","templated":true}]}}