{"id":7403,"date":"2016-11-24T20:43:46","date_gmt":"2016-11-24T20:43:46","guid":{"rendered":"http:\/\/pldaldia.com\/portada\/?p=7403"},"modified":"2016-11-24T20:46:41","modified_gmt":"2016-11-24T20:46:41","slug":"niega-lucha-interna-en-el-pld","status":"publish","type":"post","link":"https:\/\/pldaldia.com\/portada\/niega-lucha-interna-en-el-pld\/","title":{"rendered":"Niega lucha interna en el PLD"},"content":{"rendered":"<p><em>Senador Vieluf agradece respaldo ofrecido por el gobierno a los afectados de Montecristi\u00a0<\/em><\/p>\n<p>El senador por\u00a0 \u00a0Montecristi \u00a0del Partido de la Liberaci\u00f3n Dominicana (PLD), <strong>Heinz Vieluf Cabrera,<\/strong> neg\u00f3 que exista una supuesta lucha interna en esa organizaci\u00f3n pol\u00edtica, explicando\u00a0 \u00a0que las declaraciones de algunos de sus dirigentes, en esa l\u00ednea, \u00a0fueron hechas a t\u00edtulo personal.<\/p>\n<p>Heinz Vieluf Cabrera, miembro tambi\u00e9n del Comit\u00e9 Central del Partido de la Liberaci\u00f3n Dominicana, consider\u00f3 como muy prematuro hablar de candidaturas \u00a0en el PLD y de reelecci\u00f3n \u00a0ya que el presidente Danilo Medina lo que est\u00e1 es concentrado en hacer un buen gobierno.<\/p>\n<p>\u201cAlgunas personas se est\u00e1n adelantando a los tiempos\u201d, destac\u00f3 Vieluf, entrevistado en el programa Di\u00e1logo Urgente, rese\u00f1ado por la Secretar\u00eda de Comunicaciones del PLD.<\/p>\n<p>Vieluf Cabrera expres\u00f3 que los comentarios sobre reelecci\u00f3n se deben a la obra de gobierno y el ritmo de trabajo que est\u00e1 llevando a cabo el jefe del estado.<\/p>\n<p>Cuestionado tambi\u00e9n en torno a la selecci\u00f3n de los\u00a0 miembros \u00a0de la Junta Central Electoral, Cabrera dijo que esta ha sido la Junta m\u00e1s consensuada de los \u00faltimos a\u00f1os, ya que tres de sus integrantes cuentan con el respaldo de todos los partidos y la denominada sociedad civil.<\/p>\n<p>Igualmente ponder\u00f3 el trabajo realizado por Roberto Rosario al frente de la Junta Central Electoral, afirmando que ha sido el mejor presidente que ha tenido ese organismo.<\/p>\n<p>En cuanto a las da\u00f1os ocasionados por las \u00a0lluvias que han estado cayendo en diferentes zonas del pa\u00eds, inform\u00f3 Monte Cristi ha sido fuertemente afectado, \u00a0ya que unas mil 200 casas fueron inundadas y varias comunidades han quedado incomunicadas.<\/p>\n<p>Explic\u00f3 que la ayuda del gobierno de ha hecho presente en la provincia a trav\u00e9s del Plan Social de la Presidencia y los Comedores Econ\u00f3micos. \u201cGracias al presidente Danilo Medina en esta provincia por lo menos no se ha pasado hambre\u201d, coment\u00f3 al tiempo de agradecer la visita realizada a la fronteriza provincia<\/p>\n","protected":false},"excerpt":{"rendered":"<p>Senador Vieluf agradece respaldo ofrecido por el gobierno a los afectados de Montecristi\u00a0 El senador por\u00a0 \u00a0Montecristi \u00a0del Partido de la Liberaci\u00f3n Dominicana (PLD), Heinz Vieluf Cabrera, neg\u00f3 que exista una supuesta lucha interna en esa organizaci\u00f3n pol\u00edtica, explicando\u00a0 \u00a0que las declaraciones de algunos de sus dirigentes, en esa l\u00ednea, \u00a0fueron hechas a t\u00edtulo personal. [&hellip;]<\/p>\n","protected":false},"author":1,"featured_media":0,"comment_status":"closed","ping_status":"closed","sticky":false,"template":"","format":"standard","meta":{"tdm_status":"","tdm_grid_status":"","footnotes":""},"categories":[9],"tags":[],"_links":{"self":[{"href":"https:\/\/pldaldia.com\/portada\/wp-json\/wp\/v2\/posts\/7403"}],"collection":[{"href":"https:\/\/pldaldia.com\/portada\/wp-json\/wp\/v2\/posts"}],"about":[{"href":"https:\/\/pldaldia.com\/portada\/wp-json\/wp\/v2\/types\/post"}],"author":[{"embeddable":true,"href":"https:\/\/pldaldia.com\/portada\/wp-json\/wp\/v2\/users\/1"}],"replies":[{"embeddable":true,"href":"https:\/\/pldaldia.com\/portada\/wp-json\/wp\/v2\/comments?post=7403"}],"version-history":[{"count":0,"href":"https:\/\/pldaldia.com\/portada\/wp-json\/wp\/v2\/posts\/7403\/revisions"}],"wp:attachment":[{"href":"https:\/\/pldaldia.com\/portada\/wp-json\/wp\/v2\/media?parent=7403"}],"wp:term":[{"taxonomy":"category","embeddable":true,"href":"https:\/\/pldaldia.com\/portada\/wp-json\/wp\/v2\/categories?post=7403"},{"taxonomy":"post_tag","embeddable":true,"href":"https:\/\/pldaldia.com\/portada\/wp-json\/wp\/v2\/tags?post=7403"}],"curies":[{"name":"wp","href":"https:\/\/api.w.org\/{rel}","templated":true}]}}