{"id":74066,"date":"2024-10-26T17:21:08","date_gmt":"2024-10-26T21:21:08","guid":{"rendered":"https:\/\/pldaldia.com\/portada\/?p=74066"},"modified":"2024-10-26T17:21:08","modified_gmt":"2024-10-26T21:21:08","slug":"necesidad-de-vincular-las-universidades-con-el-sector-productivo","status":"publish","type":"post","link":"https:\/\/pldaldia.com\/portada\/necesidad-de-vincular-las-universidades-con-el-sector-productivo\/","title":{"rendered":"Necesidad de Vincular las Universidades con el Sector Productivo"},"content":{"rendered":"<p>Por: Carlos Manzano | Los pa\u00edses en v\u00eda de desarrollo, con cierto retraso respecto de los<br \/>\npa\u00edses industrializados, se han visto obligados a tomar medidas<br \/>\ntendientes a reforzar su sistema cient\u00edfico-tecnol\u00f3gico, as\u00ed como a<br \/>\npromover la vinculaci\u00f3n entre la universidad y el sector productivo, con el<br \/>\ninter\u00e9s de prepararse para responder a los desaf\u00edos de la sociedad<br \/>\nmoderna, y sobre todo, para estar en condiciones de integrarse a la<br \/>\nglobalizaci\u00f3n de la econom\u00eda mundial.<\/p>\n<p>No cabe dudas que el nivel de desarrollo cient\u00edfico-tecnol\u00f3gico<br \/>\ndetermina, en gran magnitud, la capacidad competitiva de los pa\u00edses, en<br \/>\nla medida que contribuye a elevar la productividad de la mano de obra y<br \/>\ndel capital. Las empresas logran ventajas competitivas, mediante la<br \/>\nutilizaci\u00f3n de innovaciones tecnol\u00f3gicas aunadas a nuevos m\u00e9todos de<br \/>\nproducci\u00f3n.<\/p>\n<p>En la b\u00fasqueda del desarrollo econ\u00f3mico, la mayor\u00eda de los pa\u00edses<br \/>\nlatinoamericanos han venido adoptando estrategias equivocadas,<br \/>\ndescuidando aspectos tales como el desarrollo educativo y cultural, la<br \/>\nciencia y la tecnolog\u00eda, las cuales, han provocado en los pa\u00edses de la<br \/>\nregi\u00f3n elevados niveles de desigualdad social y econ\u00f3mica. Otra es, sin embargo, la realidad en la mayor\u00eda de los pa\u00edses<br \/>\nindustrializados o de los pa\u00edses de industrializaci\u00f3n reciente, quienes han<br \/>\naprovechado, en mayor medida, la capacidad t\u00e9cnica-profesional y la<br \/>\ntradici\u00f3n de sus pueblos en cuanto a su creatividad y a su cultura.<\/p>\n<p>Se han preocupado de la preparaci\u00f3n de su poblaci\u00f3n en el terreno<br \/>\neducativo, ligada al trabajo y a los avances de la ciencia y la tecnolog\u00eda, lo<br \/>\nque ha venido propiciando la vinculaci\u00f3n entre la universidad y el sector<br \/>\nproductivo, como un elemento que contribuye a la formaci\u00f3n de sus<br \/>\nestudiantes, as\u00ed como al desarrollo econ\u00f3mico y social.<br \/>\nUna industria que tiene la presi\u00f3n de una creciente competencia<br \/>\ndebida a la globalizaci\u00f3n de la econom\u00eda y a los grandes avances de la<br \/>\ntecnolog\u00eda, se ve en la urgencia de responder al veloz ritmo de<br \/>\ncrecimiento de las nuevas tecnolog\u00edas e innovaciones.<\/p>\n<p>Mientras que, la universidad se ve en la obligaci\u00f3n de crear las<br \/>\ncondiciones requeridas para responder a las necesidades que demanda la<br \/>\nsociedad en su conjunto y el sector productivo en particular, en la medida<br \/>\nque se identifica con los problemas econ\u00f3micos y sociales de su entorno.<br \/>\nDe ah\u00ed que, la vinculaci\u00f3n entre la universidad y el sector productivo<br \/>\nresulte un procedimiento susceptible de ser impulsado, por cuanto la<br \/>\nrelaci\u00f3n entre ambas instituciones contribuye a sus desarrollos y al<\/p>\n<p>est\u00edmulo de la formaci\u00f3n cient\u00edfica y tecnol\u00f3gica que los pa\u00edses en<br \/>\ndesarrollo requieren para superar el atraso y la pobreza.<br \/>\nLamentablemente en la Rep\u00fablica Dominicana, tanto la universidad<br \/>\ncomo el sector productivo han evitado cualquier tipo de relaci\u00f3n tendiente<br \/>\na impulsar o fortalecer sus relaciones.<\/p>\n<p>Lo cual se ha debido, en lo que se refiere a la universidad, a los<br \/>\ntemores de desvirtuar sus funciones sustantivas, y por parte del sector<br \/>\nproductivo, a sus prejuicios respecto al car\u00e1cter acad\u00e9mico de los<br \/>\nuniversitarios, que los ubicar\u00eda alejados de la realidad del aparato<br \/>\nproductivo.<\/p>\n<p>La vinculaci\u00f3n entre la universidad y el sector productivo debe<br \/>\nsiempre sustentarse en una acci\u00f3n concertada entre ambas<br \/>\ncorporaciones, en la que el Estado estar\u00eda llamado a cumplir un papel<br \/>\nimportante, participando como elemento integrador del proceso de<br \/>\nvinculaci\u00f3n.<\/p>\n<p>Esta vinculaci\u00f3n deber\u00eda ser un proceso en el que todas las<br \/>\nempresas debieran participar, sobre todo, las peque\u00f1as y medianas, ya<br \/>\nque dependiendo de sus tama\u00f1os y desarrollos se van generando nuevas<br \/>\nnecesidades tecnol\u00f3gicas, que no est\u00e1n en condiciones de satisfacer en<br \/>\nforma oportuna y a bajo costo.<\/p>\n<p>El objetivo de la vinculaci\u00f3n, desde el punto de vista de la<br \/>\nuniversidad, debe entenderse como el mecanismo que ayuda a elevar la<br \/>\ncalidad de la investigaci\u00f3n y de la docencia universitarias y a lograr su<br \/>\nmejor integraci\u00f3n con las necesidades sociales, as\u00ed como un mayor nivel<br \/>\nde responsabilidad social.<\/p>\n<p>Desde el punto de vista de la empresa, la vinculaci\u00f3n tiene como<br \/>\nobjetivo elevar su competitividad en el mercado a trav\u00e9s del incremento<br \/>\nde la productividad de procesos que aseguren una mayor producci\u00f3n de<br \/>\nbienes y servicios por medio de la tecnolog\u00eda transferida desde la<br \/>\nuniversidad, que corresponde en la mayor\u00eda de los casos a innovaciones<br \/>\ntecnol\u00f3gicas que aseguran productos de mejor calidad y de menores<br \/>\ncostos.<\/p>\n<p>Aunque las universidades en Rep\u00fablica Dominicana no se<br \/>\nencuentran preparadas para asumir las tareas que demanda la<br \/>\nvinculaci\u00f3n, debido al relativo desconocimiento que tiene del sector<br \/>\nproductivo, est\u00e1 en condiciones de reconocer los beneficios que la<br \/>\nvinculaci\u00f3n puede traer tanto para la universidad, el sector productivo, as\u00ed<br \/>\ncomo para la sociedad en general.<\/p>\n<p>La vinculaci\u00f3n entre la universidad y el sector productivo es un<br \/>\nproceso que demanda, cada vez con mayor fuerza, la sociedad moderna,<\/p>\n<p>como expresi\u00f3n de un concepto maduro de la funci\u00f3n que ambas<br \/>\ninstituciones pueden realizar en beneficio del desarrollo de los pa\u00edses.<\/p>\n","protected":false},"excerpt":{"rendered":"<p>Por: Carlos Manzano | Los pa\u00edses en v\u00eda de desarrollo, con cierto retraso respecto de los pa\u00edses industrializados, se han visto obligados a tomar medidas tendientes a reforzar su sistema cient\u00edfico-tecnol\u00f3gico, as\u00ed como a promover la vinculaci\u00f3n entre la universidad y el sector productivo, con el inter\u00e9s de prepararse para responder a los desaf\u00edos de [&hellip;]<\/p>\n","protected":false},"author":1,"featured_media":65392,"comment_status":"open","ping_status":"open","sticky":false,"template":"","format":"standard","meta":{"tdm_status":"","tdm_grid_status":"","footnotes":""},"categories":[53],"tags":[],"_links":{"self":[{"href":"https:\/\/pldaldia.com\/portada\/wp-json\/wp\/v2\/posts\/74066"}],"collection":[{"href":"https:\/\/pldaldia.com\/portada\/wp-json\/wp\/v2\/posts"}],"about":[{"href":"https:\/\/pldaldia.com\/portada\/wp-json\/wp\/v2\/types\/post"}],"author":[{"embeddable":true,"href":"https:\/\/pldaldia.com\/portada\/wp-json\/wp\/v2\/users\/1"}],"replies":[{"embeddable":true,"href":"https:\/\/pldaldia.com\/portada\/wp-json\/wp\/v2\/comments?post=74066"}],"version-history":[{"count":0,"href":"https:\/\/pldaldia.com\/portada\/wp-json\/wp\/v2\/posts\/74066\/revisions"}],"wp:featuredmedia":[{"embeddable":true,"href":"https:\/\/pldaldia.com\/portada\/wp-json\/wp\/v2\/media\/65392"}],"wp:attachment":[{"href":"https:\/\/pldaldia.com\/portada\/wp-json\/wp\/v2\/media?parent=74066"}],"wp:term":[{"taxonomy":"category","embeddable":true,"href":"https:\/\/pldaldia.com\/portada\/wp-json\/wp\/v2\/categories?post=74066"},{"taxonomy":"post_tag","embeddable":true,"href":"https:\/\/pldaldia.com\/portada\/wp-json\/wp\/v2\/tags?post=74066"}],"curies":[{"name":"wp","href":"https:\/\/api.w.org\/{rel}","templated":true}]}}