{"id":74078,"date":"2024-10-27T14:54:31","date_gmt":"2024-10-27T18:54:31","guid":{"rendered":"https:\/\/pldaldia.com\/portada\/?p=74078"},"modified":"2024-10-27T14:54:31","modified_gmt":"2024-10-27T18:54:31","slug":"presente-mas-del-90-de-los-miembros-del-cc","status":"publish","type":"post","link":"https:\/\/pldaldia.com\/portada\/presente-mas-del-90-de-los-miembros-del-cc\/","title":{"rendered":"Presente m\u00e1s del 90% de los miembros del CC"},"content":{"rendered":"<p>PLD inicia elecci\u00f3n de su presidente, secretario y miembros de su Comit\u00e9 Pol\u00edtico<\/p>\n<p>El proceso de elecci\u00f3n de la presidencia, secretar\u00eda general y los miembros del Comit\u00e9 Pol\u00edtico del Partido de la Liberaci\u00f3n Dominicana se desarrolla con la asistencia de m\u00e1s de un 90 por ciento de los 1,400 miembros del Comit\u00e9 Central.<\/p>\n<p><a href=\"http:\/\/vanguardiadelpueblo.do\/wp-content\/uploads\/2024\/10\/WhatsApp-Image-2024-10-27-at-2.52.29-PM-2.jpeg\"><img decoding=\"async\" loading=\"lazy\" class=\"alignright size-large wp-image-213147\" src=\"http:\/\/vanguardiadelpueblo.do\/wp-content\/uploads\/2024\/10\/WhatsApp-Image-2024-10-27-at-2.52.29-PM-2-1080x838.jpeg\" alt=\"\" width=\"1080\" height=\"838\" \/><\/a>Para la elecci\u00f3n de la titularidad, la Comisi\u00f3n Organizadora del X Congreso Reinaldo Pared P\u00e9rez design\u00f3 una subcomisi\u00f3n presidida por Jaime David Fern\u00e1ndez Mirabal e integrada por Peniel Espinal, Leidy Quezada y Daniel Cruz.<\/p>\n<p>Estos miembros de la Comisi\u00f3n est\u00e1n dirigiendo el proceso de votaciones que se lleva a cabo en el Pabell\u00f3n de Karate del Centro Ol\u00edmpico Juan Pablo Duarte.<\/p>\n<p><a href=\"http:\/\/vanguardiadelpueblo.do\/wp-content\/uploads\/2024\/10\/WhatsApp-Image-2024-10-27-at-2.52.29-PM.jpeg\"><img decoding=\"async\" loading=\"lazy\" class=\"size-large wp-image-213149 alignleft\" src=\"http:\/\/vanguardiadelpueblo.do\/wp-content\/uploads\/2024\/10\/WhatsApp-Image-2024-10-27-at-2.52.29-PM-1080x751.jpeg\" alt=\"\" width=\"1080\" height=\"751\" \/><\/a>Los miembros del Comit\u00e9 Central est\u00e1n sentados en la grader\u00eda, y se les va llamando por parte a los m\u00f3dulos de votaciones donde se encuentran las computadoras y las boletas.<\/p>\n<p>Las votaciones se desarrollan en un ambiente de camarader\u00eda y compa\u00f1erismo. Se vota en los tres niveles de elecci\u00f3n.<\/p>\n<p>Los medios de comunicaci\u00f3n cubren las incidencias del proceso y est\u00e1n a la espera de los resultados que se dar\u00e1n al final.<\/p>\n","protected":false},"excerpt":{"rendered":"<p>PLD inicia elecci\u00f3n de su presidente, secretario y miembros de su Comit\u00e9 Pol\u00edtico El proceso de elecci\u00f3n de la presidencia, secretar\u00eda general y los miembros del Comit\u00e9 Pol\u00edtico del Partido de la Liberaci\u00f3n Dominicana se desarrolla con la asistencia de m\u00e1s de un 90 por ciento de los 1,400 miembros del Comit\u00e9 Central. Para la [&hellip;]<\/p>\n","protected":false},"author":1,"featured_media":74079,"comment_status":"open","ping_status":"open","sticky":false,"template":"","format":"standard","meta":{"tdm_status":"","tdm_grid_status":"","footnotes":""},"categories":[9],"tags":[],"_links":{"self":[{"href":"https:\/\/pldaldia.com\/portada\/wp-json\/wp\/v2\/posts\/74078"}],"collection":[{"href":"https:\/\/pldaldia.com\/portada\/wp-json\/wp\/v2\/posts"}],"about":[{"href":"https:\/\/pldaldia.com\/portada\/wp-json\/wp\/v2\/types\/post"}],"author":[{"embeddable":true,"href":"https:\/\/pldaldia.com\/portada\/wp-json\/wp\/v2\/users\/1"}],"replies":[{"embeddable":true,"href":"https:\/\/pldaldia.com\/portada\/wp-json\/wp\/v2\/comments?post=74078"}],"version-history":[{"count":0,"href":"https:\/\/pldaldia.com\/portada\/wp-json\/wp\/v2\/posts\/74078\/revisions"}],"wp:featuredmedia":[{"embeddable":true,"href":"https:\/\/pldaldia.com\/portada\/wp-json\/wp\/v2\/media\/74079"}],"wp:attachment":[{"href":"https:\/\/pldaldia.com\/portada\/wp-json\/wp\/v2\/media?parent=74078"}],"wp:term":[{"taxonomy":"category","embeddable":true,"href":"https:\/\/pldaldia.com\/portada\/wp-json\/wp\/v2\/categories?post=74078"},{"taxonomy":"post_tag","embeddable":true,"href":"https:\/\/pldaldia.com\/portada\/wp-json\/wp\/v2\/tags?post=74078"}],"curies":[{"name":"wp","href":"https:\/\/api.w.org\/{rel}","templated":true}]}}