{"id":7408,"date":"2016-11-24T20:47:37","date_gmt":"2016-11-24T20:47:37","guid":{"rendered":"http:\/\/pldaldia.com\/portada\/?p=7408"},"modified":"2016-11-24T20:47:37","modified_gmt":"2016-11-24T20:47:37","slug":"la-renovacion-del-pld","status":"publish","type":"post","link":"https:\/\/pldaldia.com\/portada\/la-renovacion-del-pld\/","title":{"rendered":"La renovaci\u00f3n \u00a0del PLD"},"content":{"rendered":"<p>&nbsp;<\/p>\n<p><strong>Melanio Paredes<\/strong> considera necesaria la renovaci\u00f3n interna del PLD<\/p>\n<p><strong>Melanio Paredes<\/strong>, miembro del Comit\u00e9 Central del Partido de la Liberaci\u00f3n Dominicana, se mostr\u00f3 de acuerdo con las declaraciones del secretario general de la organizaci\u00f3n, \u00a0Reinaldo Pared P\u00e9rez, en el sentido de que es necesario una renovaci\u00f3n interna en las filas de esa organizaci\u00f3n pol\u00edtica.<\/p>\n<p>Paredes \u00a0refiere que Pared P\u00e9rez tiene mucha raz\u00f3n cuando dice que es necesaria la renovaci\u00f3n porque revitalizar\u00eda y renovar\u00eda al Partido de la Liberaci\u00f3n Dominicana de cara a los nuevos tiempos.<\/p>\n<p>\u201cEsto debe producirse no solo en el liderazgo nacional, sino que debe abarcar los Comit\u00e9s Intermedios, Provinciales y Circunscripciones Electorales\u201d, agreg\u00f3 Paredes, entrevistado en el programa A Diario, referido en un reporte de prensa de la Secretaria de Comunicaciones del PLD.<\/p>\n<p>El dirigente pol\u00edtico consider\u00f3 que la apertura y consecuentemente la masificaci\u00f3n del Partido de la Liberaci\u00f3n Dominicana trajo como consecuencia la perdida de la m\u00edstica, la disciplina y que se relegaran \u00a0los m\u00e9todos del trabajo en el Partido.<\/p>\n<p>Entiende que el PLD se benefici\u00f3 de la \u00a0apertura con todos los triunfos electorales que ha obtenido, convirtiendo a la organizaci\u00f3n en un basti\u00f3n electoral, sin medir los riesgos de esa masificaci\u00f3n.<\/p>\n<p>\u201cNos emborrachamos con los triunfos electorales, nos embullamos de poder y nos olvidamos que esos triunfos electorales iban al mismo tiempo rest\u00e1ndole calidad al Partido de la Liberaci\u00f3n Dominicana\u201d, indic\u00f3 Melanio Paredes.<\/p>\n<p>A su juicio, la pr\u00e1ctica grupal que hace a\u00f1os existe en el PLD ya comienza a dejar sus efectos, advirtiendo que sus dirigentes tienen que actuar con mesura y sensatez, ya que el pa\u00eds tiene grandes problemas pendientes como la seguridad social y la electricidad que el gobierno debe resolver con el apoyo del partido.<\/p>\n","protected":false},"excerpt":{"rendered":"<p>&nbsp; Melanio Paredes considera necesaria la renovaci\u00f3n interna del PLD Melanio Paredes, miembro del Comit\u00e9 Central del Partido de la Liberaci\u00f3n Dominicana, se mostr\u00f3 de acuerdo con las declaraciones del secretario general de la organizaci\u00f3n, \u00a0Reinaldo Pared P\u00e9rez, en el sentido de que es necesario una renovaci\u00f3n interna en las filas de esa organizaci\u00f3n pol\u00edtica. [&hellip;]<\/p>\n","protected":false},"author":1,"featured_media":0,"comment_status":"closed","ping_status":"closed","sticky":false,"template":"","format":"standard","meta":{"tdm_status":"","tdm_grid_status":"","footnotes":""},"categories":[9],"tags":[],"_links":{"self":[{"href":"https:\/\/pldaldia.com\/portada\/wp-json\/wp\/v2\/posts\/7408"}],"collection":[{"href":"https:\/\/pldaldia.com\/portada\/wp-json\/wp\/v2\/posts"}],"about":[{"href":"https:\/\/pldaldia.com\/portada\/wp-json\/wp\/v2\/types\/post"}],"author":[{"embeddable":true,"href":"https:\/\/pldaldia.com\/portada\/wp-json\/wp\/v2\/users\/1"}],"replies":[{"embeddable":true,"href":"https:\/\/pldaldia.com\/portada\/wp-json\/wp\/v2\/comments?post=7408"}],"version-history":[{"count":0,"href":"https:\/\/pldaldia.com\/portada\/wp-json\/wp\/v2\/posts\/7408\/revisions"}],"wp:attachment":[{"href":"https:\/\/pldaldia.com\/portada\/wp-json\/wp\/v2\/media?parent=7408"}],"wp:term":[{"taxonomy":"category","embeddable":true,"href":"https:\/\/pldaldia.com\/portada\/wp-json\/wp\/v2\/categories?post=7408"},{"taxonomy":"post_tag","embeddable":true,"href":"https:\/\/pldaldia.com\/portada\/wp-json\/wp\/v2\/tags?post=7408"}],"curies":[{"name":"wp","href":"https:\/\/api.w.org\/{rel}","templated":true}]}}