{"id":74082,"date":"2024-10-27T17:29:44","date_gmt":"2024-10-27T21:29:44","guid":{"rendered":"https:\/\/pldaldia.com\/portada\/?p=74082"},"modified":"2024-10-27T17:29:44","modified_gmt":"2024-10-27T21:29:44","slug":"un-minuto-de-ovacion-y-aplausos-video","status":"publish","type":"post","link":"https:\/\/pldaldia.com\/portada\/un-minuto-de-ovacion-y-aplausos-video\/","title":{"rendered":"Un minuto de ovaci\u00f3n y aplausos | Video"},"content":{"rendered":"<p>PLD rinde tributo de pie a Reinaldo Pared P\u00e9rez, secretario general Advitam<\/p>\n<p>El Partido de la Liberaci\u00f3n Dominicana en v\u00edspera del tercer aniversario del fallecimiento de Reinaldo Pared P\u00e9rez, secretario general Ad Vitam de esa organizaci\u00f3n pol\u00edtica, rindi\u00f3 tributo a quien ocupara ese cargo por espacio de 20 a\u00f1os.<\/p>\n<p><a href=\"http:\/\/vanguardiadelpueblo.do\/wp-content\/uploads\/2024\/10\/6d2b0c33-191c-47c8-af92-17e5cecb0f20.jpeg\"><img decoding=\"async\" loading=\"lazy\" src=\"http:\/\/vanguardiadelpueblo.do\/wp-content\/uploads\/2024\/10\/6d2b0c33-191c-47c8-af92-17e5cecb0f20-1080x610.jpeg\" alt=\"\" width=\"1080\" height=\"610\" class=\"alignright size-large wp-image-213153\" \/><\/a>El homenaje se hizo previo al acto de juramentaci\u00f3n de los nuevos miembros del Comit\u00e9 Central con un cerrado aplauso y ovaciones de un minuto en el pabell\u00f3n de Karate del Centro Ol\u00edmpico Juan Pablo Duarte.<\/p>\n<p>Se aprovech\u00f3 el escenario para anunciar que este lunes 28, a las 6:00 de la tarde, sus familiares y el propio PLD le realizar\u00e1n una eucarist\u00eda en la Iglesia San Juan Bosco, del Distrito Nacional.<\/p>\n<p>Reinaldo Pared P\u00e9rez falleci\u00f3 siendo el secretario general Ad Vitam del Partido de la Liberaci\u00f3n Dominicana, decretado en el pasado IX Congreso Ordinario Jos\u00e9 Joaqu\u00edn Bid\u00f3 Medina.<\/p>\n<p>Luego de este merecido homenaje continu\u00f3 el acto con unas palabras de motivaci\u00f3n y de informe de la Cristina Lizardo, en su calidad de coordinadora de la Comisi\u00f3n Organizadora del X Congreso Ordinario Reinaldo Pared P\u00e9rez.<\/p>\n<p>A seguidas, la juramentaci\u00f3n de los miembros del Comit\u00e9 Central y posteriormente se pas\u00f3 a las votaciones, encogi\u00e9ndose una comisi\u00f3n coordinada por el compa\u00f1ero Jaime David Fern\u00e1ndez Mirabal e integrada por Peniel Espinal, Leidy Quezada y Daniel Cruz.<\/p>\n<blockquote class=\"twitter-tweet\" data-width=\"550\" data-dnt=\"true\">\n<p lang=\"es\" dir=\"ltr\"><a href=\"https:\/\/twitter.com\/PLDenlinea?ref_src=twsrc%5Etfw\">@PLDenlinea<\/a> rinde tributo de pie a Reinaldo Pared P\u00e9rez, Secretario General Advitam. <a href=\"https:\/\/t.co\/zTgOeiTTiq\">pic.twitter.com\/zTgOeiTTiq<\/a><\/p>\n<p>&mdash; PLD (@PLDenlinea) <a href=\"https:\/\/twitter.com\/PLDenlinea\/status\/1850644241803833393?ref_src=twsrc%5Etfw\">October 27, 2024<\/a><\/p><\/blockquote>\n<p><script async src=\"https:\/\/platform.twitter.com\/widgets.js\" charset=\"utf-8\"><\/script><\/p>\n","protected":false},"excerpt":{"rendered":"<p>PLD rinde tributo de pie a Reinaldo Pared P\u00e9rez, secretario general Advitam El Partido de la Liberaci\u00f3n Dominicana en v\u00edspera del tercer aniversario del fallecimiento de Reinaldo Pared P\u00e9rez, secretario general Ad Vitam de esa organizaci\u00f3n pol\u00edtica, rindi\u00f3 tributo a quien ocupara ese cargo por espacio de 20 a\u00f1os. El homenaje se hizo previo al [&hellip;]<\/p>\n","protected":false},"author":1,"featured_media":74083,"comment_status":"open","ping_status":"open","sticky":false,"template":"","format":"standard","meta":{"tdm_status":"","tdm_grid_status":"","footnotes":""},"categories":[9],"tags":[],"_links":{"self":[{"href":"https:\/\/pldaldia.com\/portada\/wp-json\/wp\/v2\/posts\/74082"}],"collection":[{"href":"https:\/\/pldaldia.com\/portada\/wp-json\/wp\/v2\/posts"}],"about":[{"href":"https:\/\/pldaldia.com\/portada\/wp-json\/wp\/v2\/types\/post"}],"author":[{"embeddable":true,"href":"https:\/\/pldaldia.com\/portada\/wp-json\/wp\/v2\/users\/1"}],"replies":[{"embeddable":true,"href":"https:\/\/pldaldia.com\/portada\/wp-json\/wp\/v2\/comments?post=74082"}],"version-history":[{"count":0,"href":"https:\/\/pldaldia.com\/portada\/wp-json\/wp\/v2\/posts\/74082\/revisions"}],"wp:featuredmedia":[{"embeddable":true,"href":"https:\/\/pldaldia.com\/portada\/wp-json\/wp\/v2\/media\/74083"}],"wp:attachment":[{"href":"https:\/\/pldaldia.com\/portada\/wp-json\/wp\/v2\/media?parent=74082"}],"wp:term":[{"taxonomy":"category","embeddable":true,"href":"https:\/\/pldaldia.com\/portada\/wp-json\/wp\/v2\/categories?post=74082"},{"taxonomy":"post_tag","embeddable":true,"href":"https:\/\/pldaldia.com\/portada\/wp-json\/wp\/v2\/tags?post=74082"}],"curies":[{"name":"wp","href":"https:\/\/api.w.org\/{rel}","templated":true}]}}