{"id":74088,"date":"2024-10-27T19:23:10","date_gmt":"2024-10-27T23:23:10","guid":{"rendered":"https:\/\/pldaldia.com\/portada\/?p=74088"},"modified":"2024-10-27T19:29:48","modified_gmt":"2024-10-27T23:29:48","slug":"danilo-medina-ratificado-como-presidente-jhonny-pujols-secretario-general-del-pld","status":"publish","type":"post","link":"https:\/\/pldaldia.com\/portada\/danilo-medina-ratificado-como-presidente-jhonny-pujols-secretario-general-del-pld\/","title":{"rendered":"Danilo Medina ratificado como Presidente,  Jhonny Pujols, Secretario General del PLD."},"content":{"rendered":"<p>Danilo Medina reafirma su liderazgo en el PLD con el apoyo de la mayor\u00eda de los miembros del Comit\u00e9 Central, en un proceso transparente y organizado.<\/p>\n<p>Danilo Medina fue reelecto hoy como Presidente del Partido de la Liberaci\u00f3n Dominicana (PLD) tras recibir el respaldo del 67.33 % de los miembros del Comit\u00e9 Central, en un acto realizado en el Pabell\u00f3n de Karate del Centro Ol\u00edmpico Juan Pablo Duarte.<\/p>\n<p>Con un total de 882 votos, Medina super\u00f3 a Francisco Dom\u00ednguez Brito, quien obtuvo 428 votos, equivalente al 32.67 % del total de los 1,310 sufragios emitidos.<\/p>\n<p>La jornada electoral se llev\u00f3 a cabo en el marco del X Congreso Reinaldo Pared P\u00e9rez, luego de la juramentaci\u00f3n del nuevo Comit\u00e9 Central de la organizaci\u00f3n fundada por el Profesor Juan Bosch.<\/p>\n<p>El protocolo de juramentaci\u00f3n fue dirigido por Cristina Lizardo, coordinadora de la Comisi\u00f3n Organizadora del Congreso, quien destac\u00f3 el compromiso y la unidad del partido ante los retos pol\u00edticos que enfrentar\u00e1 en los pr\u00f3ximos a\u00f1os.<\/p>\n<p>Para garantizar la transparencia y organizaci\u00f3n del proceso, la Comisi\u00f3n Organizadora design\u00f3 una subcomisi\u00f3n de votaciones presidida por Jaime David Fern\u00e1ndez Mirabal e integrada por Peniel Espinal, Leidy Quezada y Daniel Cruz.<\/p>\n<p><a href=\"http:\/\/vanguardiadelpueblo.do\/wp-content\/uploads\/2024\/10\/aebcc5d8-2ce9-4113-bea7-f79236a8eb63.jpeg\"><img decoding=\"async\" loading=\"lazy\" class=\"alignright size-large wp-image-213160\" src=\"http:\/\/vanguardiadelpueblo.do\/wp-content\/uploads\/2024\/10\/aebcc5d8-2ce9-4113-bea7-f79236a8eb63-1080x715.jpeg\" alt=\"\" width=\"1080\" height=\"715\" \/><\/a>Al concluir el proceso, Jaime David Fern\u00e1ndez jurament\u00f3 oficialmente a Danilo Medina como Presidente del PLD y a Johnny Pujols como nuevo Secretario General del partido, en un acto simb\u00f3lico que marc\u00f3 el inicio de una nueva etapa para la organizaci\u00f3n.<\/p>\n<p>Pujols obtuvo 604 votos, equivalentes al 46.11 % de los sufragios, superando a Yv\u00e1n Lorenzo, quien recibi\u00f3 476 votos (36.34 %), y a Jos\u00e9 Dant\u00e9s, quien obtuvo 229 votos (17.48 %).<\/p>\n<p>Con esta elecci\u00f3n, Johnny Pujols se convierte en el vocero del PLD y responsable del fortalecimiento de la unidad y los principios democr\u00e1ticos del partido.<\/p>\n<p>La reelecci\u00f3n de Medina fue recibida con entusiasmo por los dirigentes del PLD, quienes consideran que su liderazgo consolidar\u00e1 los principios y objetivos del PLD de cara a los desaf\u00edos pol\u00edticos y sociales del pa\u00eds.<\/p>\n","protected":false},"excerpt":{"rendered":"<p>Danilo Medina reafirma su liderazgo en el PLD con el apoyo de la mayor\u00eda de los miembros del Comit\u00e9 Central, en un proceso transparente y organizado. Danilo Medina fue reelecto hoy como Presidente del Partido de la Liberaci\u00f3n Dominicana (PLD) tras recibir el respaldo del 67.33 % de los miembros del Comit\u00e9 Central, en un [&hellip;]<\/p>\n","protected":false},"author":1,"featured_media":74089,"comment_status":"open","ping_status":"open","sticky":false,"template":"","format":"standard","meta":{"tdm_status":"","tdm_grid_status":"","footnotes":""},"categories":[9],"tags":[],"_links":{"self":[{"href":"https:\/\/pldaldia.com\/portada\/wp-json\/wp\/v2\/posts\/74088"}],"collection":[{"href":"https:\/\/pldaldia.com\/portada\/wp-json\/wp\/v2\/posts"}],"about":[{"href":"https:\/\/pldaldia.com\/portada\/wp-json\/wp\/v2\/types\/post"}],"author":[{"embeddable":true,"href":"https:\/\/pldaldia.com\/portada\/wp-json\/wp\/v2\/users\/1"}],"replies":[{"embeddable":true,"href":"https:\/\/pldaldia.com\/portada\/wp-json\/wp\/v2\/comments?post=74088"}],"version-history":[{"count":0,"href":"https:\/\/pldaldia.com\/portada\/wp-json\/wp\/v2\/posts\/74088\/revisions"}],"wp:featuredmedia":[{"embeddable":true,"href":"https:\/\/pldaldia.com\/portada\/wp-json\/wp\/v2\/media\/74089"}],"wp:attachment":[{"href":"https:\/\/pldaldia.com\/portada\/wp-json\/wp\/v2\/media?parent=74088"}],"wp:term":[{"taxonomy":"category","embeddable":true,"href":"https:\/\/pldaldia.com\/portada\/wp-json\/wp\/v2\/categories?post=74088"},{"taxonomy":"post_tag","embeddable":true,"href":"https:\/\/pldaldia.com\/portada\/wp-json\/wp\/v2\/tags?post=74088"}],"curies":[{"name":"wp","href":"https:\/\/api.w.org\/{rel}","templated":true}]}}