{"id":74093,"date":"2024-10-27T20:16:07","date_gmt":"2024-10-28T00:16:07","guid":{"rendered":"https:\/\/pldaldia.com\/portada\/?p=74093"},"modified":"2024-10-27T20:16:07","modified_gmt":"2024-10-28T00:16:07","slug":"pld-escoge-su-presidente-secretario-general-y-miembros-del-comite-politico","status":"publish","type":"post","link":"https:\/\/pldaldia.com\/portada\/pld-escoge-su-presidente-secretario-general-y-miembros-del-comite-politico\/","title":{"rendered":"PLD escoge su presidente, Secretario General y miembros del Comit\u00e9 Pol\u00edtico"},"content":{"rendered":"<p>Publicamos los resultados de las votaciones en la fase electiva del X Congreso Ordinario Reinaldo Pared P\u00e9rez. Incluimos la votaci\u00f3n en los niveles presidencial, secretaria general y las votaciones alcanzadas por los 101 candidatos y candidatas a una plaza del Comit\u00e9 Politico<\/p>\n<p><a href=\"http:\/\/vanguardiadelpueblo.do\/wp-content\/uploads\/2024\/10\/Secretario-General.pdf\">Secretario General<\/a><\/p>\n<p><a href=\"http:\/\/vanguardiadelpueblo.do\/wp-content\/uploads\/2024\/10\/Presidente-PLD.pdf\">Presidente PLD<\/a><\/p>\n<p><a href=\"http:\/\/vanguardiadelpueblo.do\/wp-content\/uploads\/2024\/10\/Comite-Politico.pdf\">Comit\u00e9 Pol\u00edtico<\/a><\/p>\n","protected":false},"excerpt":{"rendered":"<p>Publicamos los resultados de las votaciones en la fase electiva del X Congreso Ordinario Reinaldo Pared P\u00e9rez. Incluimos la votaci\u00f3n en los niveles presidencial, secretaria general y las votaciones alcanzadas por los 101 candidatos y candidatas a una plaza del Comit\u00e9 Politico Secretario General Presidente PLD Comit\u00e9 Pol\u00edtico<\/p>\n","protected":false},"author":1,"featured_media":74094,"comment_status":"open","ping_status":"open","sticky":false,"template":"","format":"standard","meta":{"tdm_status":"","tdm_grid_status":"","footnotes":""},"categories":[9],"tags":[],"_links":{"self":[{"href":"https:\/\/pldaldia.com\/portada\/wp-json\/wp\/v2\/posts\/74093"}],"collection":[{"href":"https:\/\/pldaldia.com\/portada\/wp-json\/wp\/v2\/posts"}],"about":[{"href":"https:\/\/pldaldia.com\/portada\/wp-json\/wp\/v2\/types\/post"}],"author":[{"embeddable":true,"href":"https:\/\/pldaldia.com\/portada\/wp-json\/wp\/v2\/users\/1"}],"replies":[{"embeddable":true,"href":"https:\/\/pldaldia.com\/portada\/wp-json\/wp\/v2\/comments?post=74093"}],"version-history":[{"count":0,"href":"https:\/\/pldaldia.com\/portada\/wp-json\/wp\/v2\/posts\/74093\/revisions"}],"wp:featuredmedia":[{"embeddable":true,"href":"https:\/\/pldaldia.com\/portada\/wp-json\/wp\/v2\/media\/74094"}],"wp:attachment":[{"href":"https:\/\/pldaldia.com\/portada\/wp-json\/wp\/v2\/media?parent=74093"}],"wp:term":[{"taxonomy":"category","embeddable":true,"href":"https:\/\/pldaldia.com\/portada\/wp-json\/wp\/v2\/categories?post=74093"},{"taxonomy":"post_tag","embeddable":true,"href":"https:\/\/pldaldia.com\/portada\/wp-json\/wp\/v2\/tags?post=74093"}],"curies":[{"name":"wp","href":"https:\/\/api.w.org\/{rel}","templated":true}]}}