{"id":74096,"date":"2024-10-28T01:26:45","date_gmt":"2024-10-28T05:26:45","guid":{"rendered":"https:\/\/pldaldia.com\/portada\/?p=74096"},"modified":"2024-10-28T01:26:45","modified_gmt":"2024-10-28T05:26:45","slug":"dia-mundial-del-judo-3","status":"publish","type":"post","link":"https:\/\/pldaldia.com\/portada\/dia-mundial-del-judo-3\/","title":{"rendered":"Dia Mundial del Judo"},"content":{"rendered":"<p>Desde el a\u00f1o 2011 se conmemora cada 28 de octubre el D\u00eda Mundial del Judo. Fecha que se eligi\u00f3 ya que es el d\u00eda de cumplea\u00f1os del creador de este arte marcial Jigoro Kano.<\/p>\n","protected":false},"excerpt":{"rendered":"<p>Desde el a\u00f1o 2011 se conmemora cada 28 de octubre el D\u00eda Mundial del Judo. Fecha que se eligi\u00f3 ya que es el d\u00eda de cumplea\u00f1os del creador de este arte marcial Jigoro Kano.<\/p>\n","protected":false},"author":1,"featured_media":74097,"comment_status":"open","ping_status":"open","sticky":false,"template":"","format":"standard","meta":{"tdm_status":"","tdm_grid_status":"","footnotes":""},"categories":[57],"tags":[],"_links":{"self":[{"href":"https:\/\/pldaldia.com\/portada\/wp-json\/wp\/v2\/posts\/74096"}],"collection":[{"href":"https:\/\/pldaldia.com\/portada\/wp-json\/wp\/v2\/posts"}],"about":[{"href":"https:\/\/pldaldia.com\/portada\/wp-json\/wp\/v2\/types\/post"}],"author":[{"embeddable":true,"href":"https:\/\/pldaldia.com\/portada\/wp-json\/wp\/v2\/users\/1"}],"replies":[{"embeddable":true,"href":"https:\/\/pldaldia.com\/portada\/wp-json\/wp\/v2\/comments?post=74096"}],"version-history":[{"count":0,"href":"https:\/\/pldaldia.com\/portada\/wp-json\/wp\/v2\/posts\/74096\/revisions"}],"wp:featuredmedia":[{"embeddable":true,"href":"https:\/\/pldaldia.com\/portada\/wp-json\/wp\/v2\/media\/74097"}],"wp:attachment":[{"href":"https:\/\/pldaldia.com\/portada\/wp-json\/wp\/v2\/media?parent=74096"}],"wp:term":[{"taxonomy":"category","embeddable":true,"href":"https:\/\/pldaldia.com\/portada\/wp-json\/wp\/v2\/categories?post=74096"},{"taxonomy":"post_tag","embeddable":true,"href":"https:\/\/pldaldia.com\/portada\/wp-json\/wp\/v2\/tags?post=74096"}],"curies":[{"name":"wp","href":"https:\/\/api.w.org\/{rel}","templated":true}]}}