{"id":74099,"date":"2024-10-28T12:48:37","date_gmt":"2024-10-28T16:48:37","guid":{"rendered":"https:\/\/pldaldia.com\/portada\/?p=74099"},"modified":"2024-10-28T12:48:37","modified_gmt":"2024-10-28T16:48:37","slug":"la-democracia-y-la-participacion-imperan-en-el-pld","status":"publish","type":"post","link":"https:\/\/pldaldia.com\/portada\/la-democracia-y-la-participacion-imperan-en-el-pld\/","title":{"rendered":"La democracia y la participaci\u00f3n imperan en el PLD"},"content":{"rendered":"<p>Cristina Lizardo resalta el sentido democr\u00e1tico demostrado en la fase electiva del X Congreso Ordinario Reinaldo Pared P\u00e9rez.<\/p>\n<p>Cristina Lizardo, coordinadora de la Comisi\u00f3n Organizadora del X Congreso Ordinario Reinaldo Pared P\u00e9rez, adelant\u00f3 que en lugar de 41 los miembros del Comit\u00e9 Pol\u00edtico seleccionado ser\u00edan 44 las plazas escogidas en raz\u00f3n de que restar\u00edan tres plazas por ocupar.<\/p>\n<p>\u201cPor lo que entrar\u00edan al Comit\u00e9 Pol\u00edtico el compa\u00f1ero Roberto Rodr\u00edguez Marchena, Jos\u00e9 Ram\u00f3n (Monchy) Fadul y Sonia Mateo\u201d, adelant\u00f3 Lizardo, confirmando que en una reuni\u00f3n de la Comisi\u00f3n esta misma tarde se oficializar\u00e1 dicha elecci\u00f3n.<\/p>\n<p>Dijo que despu\u00e9s del proceso electivo del pasado domingo resta la elecci\u00f3n de los miembros del Comit\u00e9 Central en el exterior, pautado para el 10 de noviembre pr\u00f3ximo y la clausura formal del Congreso pautada para el 17 de noviembre.<\/p>\n<p>En una participaci\u00f3n en el programa El Sol de la Ma\u00f1ana, Cristina Lizardo dijo que ya la comisi\u00f3n prepara la parte reglamentaria para la elecci\u00f3n de los miembros del Comit\u00e9 Central en el exterior con lo que se completar\u00eda la matr\u00edcula de dicho organismo.<\/p>\n<p>\u201cEl Partido de la Liberaci\u00f3n Dominicana en el curso del X Congreso Ordinario Reinaldo Pared P\u00e9rez, dio una demostraci\u00f3n de ejercicio democr\u00e1tico, con una participaci\u00f3n activa y democr\u00e1tica de sus miembros y dirigentes\u201d, dijo.<\/p>\n<p>Aprovech\u00f3 su participaci\u00f3n en el programa de radio-televisado para invitar a la misa que se celebrar\u00e1 la tarde de este lunes, 6.00 p.m. en la parroquia San Juan Bosco en la fecha del tercer aniversario del fallecimiento de Reinaldo Pared P\u00e9rez.<\/p>\n","protected":false},"excerpt":{"rendered":"<p>Cristina Lizardo resalta el sentido democr\u00e1tico demostrado en la fase electiva del X Congreso Ordinario Reinaldo Pared P\u00e9rez. Cristina Lizardo, coordinadora de la Comisi\u00f3n Organizadora del X Congreso Ordinario Reinaldo Pared P\u00e9rez, adelant\u00f3 que en lugar de 41 los miembros del Comit\u00e9 Pol\u00edtico seleccionado ser\u00edan 44 las plazas escogidas en raz\u00f3n de que restar\u00edan tres [&hellip;]<\/p>\n","protected":false},"author":1,"featured_media":74100,"comment_status":"open","ping_status":"open","sticky":false,"template":"","format":"standard","meta":{"tdm_status":"","tdm_grid_status":"","footnotes":""},"categories":[9],"tags":[],"_links":{"self":[{"href":"https:\/\/pldaldia.com\/portada\/wp-json\/wp\/v2\/posts\/74099"}],"collection":[{"href":"https:\/\/pldaldia.com\/portada\/wp-json\/wp\/v2\/posts"}],"about":[{"href":"https:\/\/pldaldia.com\/portada\/wp-json\/wp\/v2\/types\/post"}],"author":[{"embeddable":true,"href":"https:\/\/pldaldia.com\/portada\/wp-json\/wp\/v2\/users\/1"}],"replies":[{"embeddable":true,"href":"https:\/\/pldaldia.com\/portada\/wp-json\/wp\/v2\/comments?post=74099"}],"version-history":[{"count":0,"href":"https:\/\/pldaldia.com\/portada\/wp-json\/wp\/v2\/posts\/74099\/revisions"}],"wp:featuredmedia":[{"embeddable":true,"href":"https:\/\/pldaldia.com\/portada\/wp-json\/wp\/v2\/media\/74100"}],"wp:attachment":[{"href":"https:\/\/pldaldia.com\/portada\/wp-json\/wp\/v2\/media?parent=74099"}],"wp:term":[{"taxonomy":"category","embeddable":true,"href":"https:\/\/pldaldia.com\/portada\/wp-json\/wp\/v2\/categories?post=74099"},{"taxonomy":"post_tag","embeddable":true,"href":"https:\/\/pldaldia.com\/portada\/wp-json\/wp\/v2\/tags?post=74099"}],"curies":[{"name":"wp","href":"https:\/\/api.w.org\/{rel}","templated":true}]}}