{"id":74105,"date":"2024-10-28T12:51:43","date_gmt":"2024-10-28T16:51:43","guid":{"rendered":"https:\/\/pldaldia.com\/portada\/?p=74105"},"modified":"2024-10-28T12:51:43","modified_gmt":"2024-10-28T16:51:43","slug":"no-hay-democracia-fuerte-sin-etica-politica","status":"publish","type":"post","link":"https:\/\/pldaldia.com\/portada\/no-hay-democracia-fuerte-sin-etica-politica\/","title":{"rendered":"No hay democracia fuerte sin \u00e9tica pol\u00edtica"},"content":{"rendered":"<p>Por: Luis Garc\u00eda | De conformidad con la Constituci\u00f3n de la Rep\u00fablica, el funcionamiento de los partidos pol\u00edticos debe fundamentarse en una serie de principios que prioricen el respeto a la democracia interna, la transparencia y la defensa del inter\u00e9s colectivo.<\/p>\n<p>Los partidos, agrupaciones y movimientos pol\u00edticos cargan, adem\u00e1s, con el mandato constitucional de garantizar la participaci\u00f3n de ciudadanos en los procesos pol\u00edticos que contribuyan al fortalecimiento de la democracia; contribuir, en igualdad de condiciones, a la formaci\u00f3n y manifestaci\u00f3n de la voluntad ciudadana, respetando el pluralismo mediante la propuesta de candidaturas a los cargos de elecci\u00f3n popular, as\u00ed como servir al inter\u00e9s nacional, al bienestar colectivo y al desarrollo integral de la sociedad dominicana .<\/p>\n<p>Todo lo anterior implica que la \u00e9tica se constituye en un referente transversal que sirve de gu\u00eda del ejercicio de la actividad pol\u00edtica dominicana. Pero de dicho al hecho existe una enorme brecha, porque, hist\u00f3ricamente, el poder pol\u00edtico ha corrompido las reglas democr\u00e1ticas a trav\u00e9s de la transgresi\u00f3n de los linderos \u00e9ticos y morales.<\/p>\n<p>Esta pr\u00e1ctica produce un da\u00f1o irreparable a la democracia. En lo particular, eso me deja un sabor a hiel, en vista de que la democracia no puede asumirse como una mercanc\u00eda cuyo precio depende del mercado y de su valor de uso, sino verla como un conjunto de valores y principios para la buena gobernanza. la paz y la convivencia de los pueblos.<\/p>\n<p>El sistema democr\u00e1tico dominicano hace tiempo que luce estancado, alej\u00e1ndose cada vez m\u00e1s de esa \u00e9tica de la responsabilidad y de la convicci\u00f3n de que hablaba el soci\u00f3logo y fil\u00f3sofo alem\u00e1n Max Weber.<\/p>\n<p>Esto qued\u00f3 evidenciado durante el proceso electoral de las pasadas elecciones municipales, congresuales y presidenciales, en el hecho de que muchos dirigentes pol\u00edticos se colocaron en una especie de Mercado Persa, vendi\u00e9ndose al que mejor pod\u00eda pagar, que siempre ser\u00e1 el oficialismo.<\/p>\n<p>Hay que establecer claramente lo siguiente: No hay democracia fuerte sin \u00e9tica pol\u00edtica. Hay, s\u00ed, \u00e9tica sin democracia, pero no democracia sin \u00e9tica.<\/p>\n<p>Esto encajar\u00eda dentro del \u00e1mbito de la ciencia y del pensamiento complejo, debido a que puede comprenderse la existencia de una \u00e9tica sin democracia, pero lo que no puede haber, en sentido riguroso, es una democracia o alg\u00fan otro r\u00e9gimen pol\u00edtico privado de un sustento \u00e9tico. .<\/p>\n<p>La \u00e9tica es una concepci\u00f3n valorativa de la vida, un sistema de creencias o una escala de valores socialmente compartidos, que animan la interpretaci\u00f3n de la realidad y que subyacen a las diferentes formas de organizaci\u00f3n institucional que una sociedad decide darse en un determinado momento hist\u00f3rico.<\/p>\n<p>Otro ejemplo es cuando un partido en la Rep\u00fablica Dominicana no administra adecuadamente los recursos econ\u00f3micos provenientes del Estado o los recibe de fuentes oscuras, se aparta de la \u00e9tica y de la democracia, que requieren de s\u00f3lidos fundamentos \u00e9ticos.<\/p>\n<p>Y entonces, ese financiamiento no tiene raz\u00f3n de existir en la pol\u00edtica.<br \/>\nLos partidos pol\u00edticos no son ajenos a que la moral democr\u00e1tica tiene su verdadera expresi\u00f3n en la \u00e9tica ciudadana y en el comportamiento de la pol\u00edtica y de los pol\u00edticos, que, en muchas ocasiones, hay que reconocer, se apartan de los l\u00edmites de la prudencia.<\/p>\n<p>La buena pol\u00edtica, la que conduce al bien com\u00fan ya la correcta administraci\u00f3n ya la convivencia social y pac\u00edfica, justa y pr\u00f3spera de una sociedad, se gu\u00eda por principios de solidaridad, justicia y responsabilidad; no por existencia sine qua non de recursos financieros para ser debidamente viabilizada.<\/p>\n<p>A la democracia dominicana hay que agregarle, sin dilataci\u00f3n, el valor de la \u00e9tica pol\u00edtica.<\/p>\n","protected":false},"excerpt":{"rendered":"<p>Por: Luis Garc\u00eda | De conformidad con la Constituci\u00f3n de la Rep\u00fablica, el funcionamiento de los partidos pol\u00edticos debe fundamentarse en una serie de principios que prioricen el respeto a la democracia interna, la transparencia y la defensa del inter\u00e9s colectivo. Los partidos, agrupaciones y movimientos pol\u00edticos cargan, adem\u00e1s, con el mandato constitucional de garantizar [&hellip;]<\/p>\n","protected":false},"author":1,"featured_media":60258,"comment_status":"open","ping_status":"open","sticky":false,"template":"","format":"standard","meta":{"tdm_status":"","tdm_grid_status":"","footnotes":""},"categories":[53],"tags":[],"_links":{"self":[{"href":"https:\/\/pldaldia.com\/portada\/wp-json\/wp\/v2\/posts\/74105"}],"collection":[{"href":"https:\/\/pldaldia.com\/portada\/wp-json\/wp\/v2\/posts"}],"about":[{"href":"https:\/\/pldaldia.com\/portada\/wp-json\/wp\/v2\/types\/post"}],"author":[{"embeddable":true,"href":"https:\/\/pldaldia.com\/portada\/wp-json\/wp\/v2\/users\/1"}],"replies":[{"embeddable":true,"href":"https:\/\/pldaldia.com\/portada\/wp-json\/wp\/v2\/comments?post=74105"}],"version-history":[{"count":0,"href":"https:\/\/pldaldia.com\/portada\/wp-json\/wp\/v2\/posts\/74105\/revisions"}],"wp:featuredmedia":[{"embeddable":true,"href":"https:\/\/pldaldia.com\/portada\/wp-json\/wp\/v2\/media\/60258"}],"wp:attachment":[{"href":"https:\/\/pldaldia.com\/portada\/wp-json\/wp\/v2\/media?parent=74105"}],"wp:term":[{"taxonomy":"category","embeddable":true,"href":"https:\/\/pldaldia.com\/portada\/wp-json\/wp\/v2\/categories?post=74105"},{"taxonomy":"post_tag","embeddable":true,"href":"https:\/\/pldaldia.com\/portada\/wp-json\/wp\/v2\/tags?post=74105"}],"curies":[{"name":"wp","href":"https:\/\/api.w.org\/{rel}","templated":true}]}}