{"id":74107,"date":"2024-10-28T14:55:04","date_gmt":"2024-10-28T18:55:04","guid":{"rendered":"https:\/\/pldaldia.com\/portada\/?p=74107"},"modified":"2024-10-28T14:55:04","modified_gmt":"2024-10-28T18:55:04","slug":"ha-ganado-el-partido-de-la-liberacion-dominicana","status":"publish","type":"post","link":"https:\/\/pldaldia.com\/portada\/ha-ganado-el-partido-de-la-liberacion-dominicana\/","title":{"rendered":"Ha ganado el Partido de la Liberaci\u00f3n Dominicana"},"content":{"rendered":"<p>Charles Mariotti: \u201cEl pasado domingo el PLD hizo un ejercicio de democracia interna\u201d<\/p>\n<p>El Secretario General del Partido de la Liberaci\u00f3n Dominicana, Charles Mariotti, dijo que con la elecci\u00f3n del presidente, secretario y los miembros del Comit\u00e9 Pol\u00edtico el pasado domingo, esa organizaci\u00f3n hizo un ejercicio de democracia interna.<\/p>\n<p>Mariotti expres\u00f3 que el PLD es un partido eminentemente democr\u00e1tico, y que eso qued\u00f3 demostrado con la elecci\u00f3n de los titulares, con una matr\u00edcula de los miembros del Comit\u00e9 Central de cerca de un 90%.<\/p>\n<p>\u201cAh\u00ed radica la grandeza y fortaleza de este partido, que a pesar de los golpes y la b\u00fasqueda de reducirlo y aniquilarlo se mantiene de pie y en lucha\u201d, declar\u00f3 el ex senador entrevistado en el programa Matinal 5 este lunes.<\/p>\n<p>Manifest\u00f3 que, con la elecci\u00f3n de las nuevas autoridades en la fase electiva del X Congreso Reinaldo Pared P\u00e9rez, el PLD se consolida y supera sus escollos y dificultades. \u201cEso es una realidad evidente de que el Partido de la Liberaci\u00f3n Dominicana est\u00e1 ah\u00ed\u201d.<\/p>\n<p>Considera que con estas elecciones gan\u00f3 el partido y ganaron todos los que participaron. \u201cCuando yo llegu\u00e9 a la actividad me encontr\u00e9 con los tres aspirantes a la secretar\u00eda general que estaban juntos y les dije: aqu\u00ed el que gan\u00f3, gan\u00f3, y el que perdi\u00f3 gan\u00f3; porque deleg\u00f3 su perfil ante la sociedad\u201d.<\/p>\n<p>Resalt\u00f3 el derecho que tienen todos los miembros del partido en elegir y ser elegido, al tiempo que ponder\u00f3 el buen desempe\u00f1o de los participantes tanto a la presidencia, secretar\u00eda como al Comit\u00e9 Pol\u00edtico.<\/p>\n","protected":false},"excerpt":{"rendered":"<p>Charles Mariotti: \u201cEl pasado domingo el PLD hizo un ejercicio de democracia interna\u201d El Secretario General del Partido de la Liberaci\u00f3n Dominicana, Charles Mariotti, dijo que con la elecci\u00f3n del presidente, secretario y los miembros del Comit\u00e9 Pol\u00edtico el pasado domingo, esa organizaci\u00f3n hizo un ejercicio de democracia interna. Mariotti expres\u00f3 que el PLD es [&hellip;]<\/p>\n","protected":false},"author":1,"featured_media":74108,"comment_status":"open","ping_status":"open","sticky":false,"template":"","format":"standard","meta":{"tdm_status":"","tdm_grid_status":"","footnotes":""},"categories":[9],"tags":[],"_links":{"self":[{"href":"https:\/\/pldaldia.com\/portada\/wp-json\/wp\/v2\/posts\/74107"}],"collection":[{"href":"https:\/\/pldaldia.com\/portada\/wp-json\/wp\/v2\/posts"}],"about":[{"href":"https:\/\/pldaldia.com\/portada\/wp-json\/wp\/v2\/types\/post"}],"author":[{"embeddable":true,"href":"https:\/\/pldaldia.com\/portada\/wp-json\/wp\/v2\/users\/1"}],"replies":[{"embeddable":true,"href":"https:\/\/pldaldia.com\/portada\/wp-json\/wp\/v2\/comments?post=74107"}],"version-history":[{"count":0,"href":"https:\/\/pldaldia.com\/portada\/wp-json\/wp\/v2\/posts\/74107\/revisions"}],"wp:featuredmedia":[{"embeddable":true,"href":"https:\/\/pldaldia.com\/portada\/wp-json\/wp\/v2\/media\/74108"}],"wp:attachment":[{"href":"https:\/\/pldaldia.com\/portada\/wp-json\/wp\/v2\/media?parent=74107"}],"wp:term":[{"taxonomy":"category","embeddable":true,"href":"https:\/\/pldaldia.com\/portada\/wp-json\/wp\/v2\/categories?post=74107"},{"taxonomy":"post_tag","embeddable":true,"href":"https:\/\/pldaldia.com\/portada\/wp-json\/wp\/v2\/tags?post=74107"}],"curies":[{"name":"wp","href":"https:\/\/api.w.org\/{rel}","templated":true}]}}