{"id":74111,"date":"2024-10-28T20:29:44","date_gmt":"2024-10-29T00:29:44","guid":{"rendered":"https:\/\/pldaldia.com\/portada\/?p=74111"},"modified":"2024-10-28T20:29:44","modified_gmt":"2024-10-29T00:29:44","slug":"un-ser-humano-excepcional","status":"publish","type":"post","link":"https:\/\/pldaldia.com\/portada\/un-ser-humano-excepcional\/","title":{"rendered":"Un ser humano excepcional"},"content":{"rendered":"<p>Familiares y el PLD recuerdan con Eucarist\u00eda a Reinaldo Pared P\u00e9rez en el tercer aniversario de su fallecimiento<\/p>\n<p>Reinaldo Pared P\u00e9rez fue un ser humano excepcional, lleno atributos positivos, vivo ejemplo de la solidaridad y el compa\u00f1erismo, destac\u00f3 Maribel Acosta, integrante del Comit\u00e9 Pol\u00edtico del Partido de la Liberaci\u00f3n Dominicana (PLD) en las palabras de gracias en la misa celebrada la noche de este lunes en la Parroquia San Juan Bosco del Distrito Nacional.<\/p>\n<p><a href=\"http:\/\/vanguardiadelpueblo.do\/wp-content\/uploads\/2024\/10\/IMG_1252-scaled.jpeg\"><img decoding=\"async\" loading=\"lazy\" class=\"alignright size-large wp-image-213217\" src=\"http:\/\/vanguardiadelpueblo.do\/wp-content\/uploads\/2024\/10\/IMG_1252-1080x606.jpeg\" alt=\"\" width=\"1080\" height=\"606\" \/><\/a>La misa se ofici\u00f3 a instancia de la se\u00f1ora Milagros P\u00e9rez, madre de Pared P\u00e9rez y sus hermanos y el Partido de la Liberaci\u00f3n Dominicana, a prop\u00f3sito de la conmemoraci\u00f3n del tercer aniversario del fallecimiento de quien durante veinte a\u00f1os desempe\u00f1\u00f3 la funci\u00f3n de Secretario General del PLD.<\/p>\n<p>Junto a los hijos y nietos de Reinaldo asisti\u00f3 tambi\u00e9n Ingrid Mendoza, su esposa al momento de su fallecimiento y sus hijos Andr\u00e9s Arturo y Mar\u00eda del Pilar. Tambi\u00e9n sus hijos Reinaldo y Melinee Pared , hijos del matrimonio con Nubia Suazo, presente tambi\u00e9n en la ceremonia religiosa.<\/p>\n<p>Doce miembros del Comit\u00e9 Pol\u00edtico participaron de la misa, al igual que miembros del Comit\u00e9 Central y miembros del PLD de la cercan\u00eda de la parroquia, as\u00ed como de los vecinos de Do\u00f1a Milagros.<\/p>\n<p><a href=\"http:\/\/vanguardiadelpueblo.do\/wp-content\/uploads\/2024\/10\/IMG_1251-scaled.jpeg\"><img decoding=\"async\" loading=\"lazy\" class=\"size-large wp-image-213218 alignleft\" src=\"http:\/\/vanguardiadelpueblo.do\/wp-content\/uploads\/2024\/10\/IMG_1251-1080x606.jpeg\" alt=\"\" width=\"1080\" height=\"606\" \/><\/a>Maribel Acosta dijo que el Partido de la Liberaci\u00f3n Dominicana avanza ya, pr\u00f3ximo a culminar con \u00e9xito su X Congreso Ordinario, inspirado en la productiva vida pol\u00edtica de Reinaldo Pared P\u00e9rez, de quien aprendi\u00f3 de su magisterio en materia pol\u00edtica.<\/p>\n<p>\u201cTres a\u00f1os tenemos ya Reinaldo de tu partida, que no ha sido tal, porque tu amabilidad, compa\u00f1erismo, solidaridad se ha quedado entre nosotros\u201d, dijo Maribel Acosta hablando a nombre del Partido de la Liberaci\u00f3n Dominicana.<\/p>\n<p>En la homil\u00eda el sacerdote celebrante, Reverendo Rub\u00e9n Coste, hizo referencia al evangelio que record\u00f3 el pasaje b\u00edblico en que Jes\u00fas le respond\u00eda a la gente que se acerc\u00f3 donde se encontraba tratando de tocarlo, \u201cporque sal\u00eda de \u00e9l una fuerza que los curaba a todos\u201d<\/p>\n<p><a href=\"http:\/\/vanguardiadelpueblo.do\/wp-content\/uploads\/2024\/10\/IMG_1250.jpeg\"><img decoding=\"async\" loading=\"lazy\" class=\"alignright size-large wp-image-213219\" src=\"http:\/\/vanguardiadelpueblo.do\/wp-content\/uploads\/2024\/10\/IMG_1250-1080x606.jpeg\" alt=\"\" width=\"1080\" height=\"606\" \/><\/a>Maribel Acosta cerr\u00f3 sus palabras con una frase del Profesor Juan Bosch, l\u00edder hist\u00f3rico del PLD que Reinaldo Pared P\u00e9rez repet\u00eda siempre en sus intervenciones p\u00fablicas: \u201cNadie se muere de verdad si queda en el mundo quien respete su memoria.\u201d<\/p>\n<p>Al pronunciar la frase un cerrado aplauso cerr\u00f3 de colof\u00f3n y a seguidas la bendici\u00f3n final y la despedida de los feligreses.<\/p>\n","protected":false},"excerpt":{"rendered":"<p>Familiares y el PLD recuerdan con Eucarist\u00eda a Reinaldo Pared P\u00e9rez en el tercer aniversario de su fallecimiento Reinaldo Pared P\u00e9rez fue un ser humano excepcional, lleno atributos positivos, vivo ejemplo de la solidaridad y el compa\u00f1erismo, destac\u00f3 Maribel Acosta, integrante del Comit\u00e9 Pol\u00edtico del Partido de la Liberaci\u00f3n Dominicana (PLD) en las palabras de [&hellip;]<\/p>\n","protected":false},"author":1,"featured_media":74112,"comment_status":"open","ping_status":"open","sticky":false,"template":"","format":"standard","meta":{"tdm_status":"","tdm_grid_status":"","footnotes":""},"categories":[9],"tags":[],"_links":{"self":[{"href":"https:\/\/pldaldia.com\/portada\/wp-json\/wp\/v2\/posts\/74111"}],"collection":[{"href":"https:\/\/pldaldia.com\/portada\/wp-json\/wp\/v2\/posts"}],"about":[{"href":"https:\/\/pldaldia.com\/portada\/wp-json\/wp\/v2\/types\/post"}],"author":[{"embeddable":true,"href":"https:\/\/pldaldia.com\/portada\/wp-json\/wp\/v2\/users\/1"}],"replies":[{"embeddable":true,"href":"https:\/\/pldaldia.com\/portada\/wp-json\/wp\/v2\/comments?post=74111"}],"version-history":[{"count":0,"href":"https:\/\/pldaldia.com\/portada\/wp-json\/wp\/v2\/posts\/74111\/revisions"}],"wp:featuredmedia":[{"embeddable":true,"href":"https:\/\/pldaldia.com\/portada\/wp-json\/wp\/v2\/media\/74112"}],"wp:attachment":[{"href":"https:\/\/pldaldia.com\/portada\/wp-json\/wp\/v2\/media?parent=74111"}],"wp:term":[{"taxonomy":"category","embeddable":true,"href":"https:\/\/pldaldia.com\/portada\/wp-json\/wp\/v2\/categories?post=74111"},{"taxonomy":"post_tag","embeddable":true,"href":"https:\/\/pldaldia.com\/portada\/wp-json\/wp\/v2\/tags?post=74111"}],"curies":[{"name":"wp","href":"https:\/\/api.w.org\/{rel}","templated":true}]}}