{"id":74114,"date":"2024-10-29T01:40:25","date_gmt":"2024-10-29T05:40:25","guid":{"rendered":"https:\/\/pldaldia.com\/portada\/?p=74114"},"modified":"2024-10-29T01:40:25","modified_gmt":"2024-10-29T05:40:25","slug":"dia-mundial-del-ictus-o-acv","status":"publish","type":"post","link":"https:\/\/pldaldia.com\/portada\/dia-mundial-del-ictus-o-acv\/","title":{"rendered":"D\u00eda Mundial del Ictus o ACV"},"content":{"rendered":"<p>El 29 de octubre se celebra el D\u00eda Mundial del Ictus, una enfermedad que supone la segunda causa de muerte en Espa\u00f1a, la primera en mujeres. La primera causa de discapacidad adquirida en el adulto y la segunda causa de demencia.<\/p>\n","protected":false},"excerpt":{"rendered":"<p>El 29 de octubre se celebra el D\u00eda Mundial del Ictus, una enfermedad que supone la segunda causa de muerte en Espa\u00f1a, la primera en mujeres. La primera causa de discapacidad adquirida en el adulto y la segunda causa de demencia.<\/p>\n","protected":false},"author":1,"featured_media":74115,"comment_status":"open","ping_status":"open","sticky":false,"template":"","format":"standard","meta":{"tdm_status":"","tdm_grid_status":"","footnotes":""},"categories":[57],"tags":[],"_links":{"self":[{"href":"https:\/\/pldaldia.com\/portada\/wp-json\/wp\/v2\/posts\/74114"}],"collection":[{"href":"https:\/\/pldaldia.com\/portada\/wp-json\/wp\/v2\/posts"}],"about":[{"href":"https:\/\/pldaldia.com\/portada\/wp-json\/wp\/v2\/types\/post"}],"author":[{"embeddable":true,"href":"https:\/\/pldaldia.com\/portada\/wp-json\/wp\/v2\/users\/1"}],"replies":[{"embeddable":true,"href":"https:\/\/pldaldia.com\/portada\/wp-json\/wp\/v2\/comments?post=74114"}],"version-history":[{"count":0,"href":"https:\/\/pldaldia.com\/portada\/wp-json\/wp\/v2\/posts\/74114\/revisions"}],"wp:featuredmedia":[{"embeddable":true,"href":"https:\/\/pldaldia.com\/portada\/wp-json\/wp\/v2\/media\/74115"}],"wp:attachment":[{"href":"https:\/\/pldaldia.com\/portada\/wp-json\/wp\/v2\/media?parent=74114"}],"wp:term":[{"taxonomy":"category","embeddable":true,"href":"https:\/\/pldaldia.com\/portada\/wp-json\/wp\/v2\/categories?post=74114"},{"taxonomy":"post_tag","embeddable":true,"href":"https:\/\/pldaldia.com\/portada\/wp-json\/wp\/v2\/tags?post=74114"}],"curies":[{"name":"wp","href":"https:\/\/api.w.org\/{rel}","templated":true}]}}