{"id":74119,"date":"2024-10-29T10:00:27","date_gmt":"2024-10-29T14:00:27","guid":{"rendered":"https:\/\/pldaldia.com\/portada\/?p=74119"},"modified":"2024-10-29T10:00:27","modified_gmt":"2024-10-29T14:00:27","slug":"cancer-de-mama-e-inteligencia-artificial","status":"publish","type":"post","link":"https:\/\/pldaldia.com\/portada\/cancer-de-mama-e-inteligencia-artificial\/","title":{"rendered":"C\u00e1ncer de mama e inteligencia artificial"},"content":{"rendered":"<p>Por: Sergio Sarita Valdez | La Organizaci\u00f3n Mundial de la Salud, com\u00fanmente abreviada OMS, ha establecido el mes octubre como \u201cMes de Sensibilizaci\u00f3n del C\u00e1ncer de Mama\u201d. La raz\u00f3n de tal designaci\u00f3n obedece a la frecuencia de dicho mal en las mujeres y al hecho de que usualmente se detecta en etapas avanzadas reduciendo as\u00ed las posibilidades de cura definitiva de dicha enfermedad. La visi\u00f3n m\u00e9dica que tenemos en el a\u00f1o 2024 en cuanto a detecci\u00f3n, manejo y pron\u00f3stico de esa afecci\u00f3n es muy diferente a la que prevalec\u00eda a finales del pasado siglo XX.<\/p>\n<p>Recuerdo que terminando la d\u00e9cada de los 70 viaj\u00e9 de vacaciones desde Chicago, donde resid\u00eda, a Rep\u00fablica Dominicana que es el territorio donde he nacido. Me hosped\u00e9 en casa de mis padres y se me ocurri\u00f3 preguntar a mi progenitora si se chequeaba los senos regularmente. Me respondi\u00f3 que en toda su vida solamente su esposo habr\u00eda tenido acceso a esa intimidad y por supuesto sus diez hijos durante la lactancia. Le solicit\u00e9 permitirme palpar sus mamas y un poco a rega\u00f1adientes accedi\u00f3. En aquel momento logr\u00e9 identificar un peque\u00f1o n\u00f3dulo en una de las mamas. Dado el poco tiempo de vacaciones restante le hice una referencia al Instituto Oncol\u00f3gico para seguimiento del caso. Al no volver a tener noticias asum\u00ed que nada maligno se hab\u00eda detectado.<\/p>\n<p>En otro viaje a Santo Domingo extrav\u00ede la tarjeta de residencia y hube de ir al consulado estadounidense donde me dieron una carta de ruta para poder ingresar a territorio de Estados Unidos. Mientras esperaba en Puerto Rico la emisi\u00f3n del \u201cGreen Card\u201d de reemplazo, asuntos de urgencia obligaban a trasladarme a la capital dominicana con pasaporte criollo. La l\u00ednea a\u00e9rea no me vend\u00eda el pasaje de ida y vuelta sin una \u201ccarta de emergencia\u201d del Consulado dominicano. Las autoridades consulares me pidieron el motivo de la urgencia del vuelo. Mencion\u00e9 el caso materno y que viajaba para darle seguimiento a esa situaci\u00f3n. Tiempo despu\u00e9s mam\u00e1 era ingresada de emergencia al Hospital de la Plaza de la Salud con mucha dificultad respiratoria. Ten\u00eda un derrame pleural. Se le extrajo una gran cantidad de l\u00edquido cuyo examen citol\u00f3gico mostr\u00f3 c\u00e9lulas cancerosas en el pulm\u00f3n procedentes de la lesi\u00f3n primaria en la mama. En relativamente corto per\u00edodo de tiempo la neoplasia se extendi\u00f3 al cerebro poniendo as\u00ed fin a la vida del ser querido.<\/p>\n<p>En el 2017 una famosa artista norteamericana visit\u00f3 un imagen\u00f3logo para hacerse una mamograf\u00eda de rutina la cual fue interpretada como libre de malignidad. Seis a\u00f1os despu\u00e9s la paciente era intervenida por un avanzado c\u00e1ncer mamario en el mismo \u00f3rgano. Un programa de inteligencia artificial fue utilizado para reinterpretar la imagen de 2017 y el dispositivo lo ley\u00f3 como positivo para carcinoma de mama. Los avances tecnol\u00f3gicos de im\u00e1genes mamarias con lectores de inteligencia artificial permiten detectar lesiones de menos de diez mil\u00edmetros con un grado de certeza diagn\u00f3stica por encima del noventa por ciento. La palpaci\u00f3n manual es un tema hist\u00f3rico del pasado siglo XX. Si queremos salvar vidas y ganarle la batalla al c\u00e1ncer mamario el tamizaje masivo de la poblaci\u00f3n femenina es requisito indispensable. Aunque se termine el mes de octubre, la lucha contra el c\u00e1ncer de seno es la guerra de todos los d\u00edas del a\u00f1o.<\/p>\n","protected":false},"excerpt":{"rendered":"<p>Por: Sergio Sarita Valdez | La Organizaci\u00f3n Mundial de la Salud, com\u00fanmente abreviada OMS, ha establecido el mes octubre como \u201cMes de Sensibilizaci\u00f3n del C\u00e1ncer de Mama\u201d. La raz\u00f3n de tal designaci\u00f3n obedece a la frecuencia de dicho mal en las mujeres y al hecho de que usualmente se detecta en etapas avanzadas reduciendo as\u00ed [&hellip;]<\/p>\n","protected":false},"author":1,"featured_media":46957,"comment_status":"open","ping_status":"open","sticky":false,"template":"","format":"standard","meta":{"tdm_status":"","tdm_grid_status":"","footnotes":""},"categories":[53],"tags":[],"_links":{"self":[{"href":"https:\/\/pldaldia.com\/portada\/wp-json\/wp\/v2\/posts\/74119"}],"collection":[{"href":"https:\/\/pldaldia.com\/portada\/wp-json\/wp\/v2\/posts"}],"about":[{"href":"https:\/\/pldaldia.com\/portada\/wp-json\/wp\/v2\/types\/post"}],"author":[{"embeddable":true,"href":"https:\/\/pldaldia.com\/portada\/wp-json\/wp\/v2\/users\/1"}],"replies":[{"embeddable":true,"href":"https:\/\/pldaldia.com\/portada\/wp-json\/wp\/v2\/comments?post=74119"}],"version-history":[{"count":0,"href":"https:\/\/pldaldia.com\/portada\/wp-json\/wp\/v2\/posts\/74119\/revisions"}],"wp:featuredmedia":[{"embeddable":true,"href":"https:\/\/pldaldia.com\/portada\/wp-json\/wp\/v2\/media\/46957"}],"wp:attachment":[{"href":"https:\/\/pldaldia.com\/portada\/wp-json\/wp\/v2\/media?parent=74119"}],"wp:term":[{"taxonomy":"category","embeddable":true,"href":"https:\/\/pldaldia.com\/portada\/wp-json\/wp\/v2\/categories?post=74119"},{"taxonomy":"post_tag","embeddable":true,"href":"https:\/\/pldaldia.com\/portada\/wp-json\/wp\/v2\/tags?post=74119"}],"curies":[{"name":"wp","href":"https:\/\/api.w.org\/{rel}","templated":true}]}}