{"id":74123,"date":"2024-10-29T13:13:55","date_gmt":"2024-10-29T17:13:55","guid":{"rendered":"https:\/\/pldaldia.com\/portada\/?p=74123"},"modified":"2024-10-29T13:13:55","modified_gmt":"2024-10-29T17:13:55","slug":"un-octubre-negro-para-el-gobierno","status":"publish","type":"post","link":"https:\/\/pldaldia.com\/portada\/un-octubre-negro-para-el-gobierno\/","title":{"rendered":"Un Octubre Negro para el Gobierno"},"content":{"rendered":"<p>Por: H\u00e9ctor Olivo | El negro es el  color del luto; por tradici\u00f3n este color  denota tristeza y se le relaciona con la muerte, es  asociado a la  oscuridad,  a  la noche, al peligro.<\/p>\n<p>En contraposici\u00f3n se dice que es combinable, de ah\u00ed la expresi\u00f3n muy dominicana de que \u201cEl Negro Pega con T\u00f3\u201d, etiquetada en una canci\u00f3n a ritmo de merengue.<\/p>\n<p>El t\u00edtulo de este art\u00edculo lo copi\u00e9  de lo dicho por un  dirigente del Partido de la Liberaci\u00f3n Dominicana, que al repetirlo lo asociamos  con la  primera  de la significaci\u00f3n arriba citada.<\/p>\n<p>Octubre ha sido negro para el Gobierno por los tantos desaciertos e improvisaciones en la gesti\u00f3n p\u00fablica.  <\/p>\n<p>Todas estas metidas de pata denotan poca preparaci\u00f3n y desconexi\u00f3n de los ahora gobernantes con la forma de actuar desde las instituciones p\u00fablicas.<\/p>\n<p>El Gobierno se ve obligado a retirar un paquete fiscal que quiso vender como modernizaci\u00f3n, cuando en realidad significaba regresi\u00f3n, atraso y m\u00e1s pobreza.<\/p>\n<p>Con bombos y platillos, anuncian el retiro de una pieza depositada en el Congreso, pero resulta que ahora el Gobierno  dar\u00e1 a conocer  cu\u00e1les ser\u00e1n los ajustes econ\u00f3micos que se realizar\u00e1n.<\/p>\n<p>Se emite un decreto presidencial contrario a las recomendaciones del Consultor Jur\u00eddico de la Presidencia, violando la Constituci\u00f3n y las Leyes, y pese a la soberbia del funcionario favorecido, anuncia, luego de las naturales cr\u00edticas, renuncia a la posici\u00f3n.<\/p>\n<p>El presidente prepara un espect\u00e1culo para la promulgaci\u00f3n de una modificaci\u00f3n constitucional, que no modific\u00f3 nada,  introduciendo all\u00ed la politiquer\u00eda con   falsedades  en la solemnidad  de  la proclama de la Carta Magna.<\/p>\n<p>Procurando reacciones positivas y piropos el Gobierno en la vitrina semanal se despacha informando que  ser\u00e1 eliminada la disposici\u00f3n que establece que las personas mayores de 65 a\u00f1os solo pueden renovar la licencia de conducir por dos a\u00f1os, despu\u00e9s de crear desaciertos e inconformidad en una poblaci\u00f3n de adultos mayores. Sin duda alguna octubre ha sido muy negro para el Gobierno del PRM, como ha salido a relucir en las encuestas.  <\/p>\n","protected":false},"excerpt":{"rendered":"<p>Por: H\u00e9ctor Olivo | El negro es el color del luto; por tradici\u00f3n este color denota tristeza y se le relaciona con la muerte, es asociado a la oscuridad, a la noche, al peligro. En contraposici\u00f3n se dice que es combinable, de ah\u00ed la expresi\u00f3n muy dominicana de que \u201cEl Negro Pega con T\u00f3\u201d, etiquetada [&hellip;]<\/p>\n","protected":false},"author":1,"featured_media":65375,"comment_status":"open","ping_status":"open","sticky":false,"template":"","format":"standard","meta":{"tdm_status":"","tdm_grid_status":"","footnotes":""},"categories":[53],"tags":[],"_links":{"self":[{"href":"https:\/\/pldaldia.com\/portada\/wp-json\/wp\/v2\/posts\/74123"}],"collection":[{"href":"https:\/\/pldaldia.com\/portada\/wp-json\/wp\/v2\/posts"}],"about":[{"href":"https:\/\/pldaldia.com\/portada\/wp-json\/wp\/v2\/types\/post"}],"author":[{"embeddable":true,"href":"https:\/\/pldaldia.com\/portada\/wp-json\/wp\/v2\/users\/1"}],"replies":[{"embeddable":true,"href":"https:\/\/pldaldia.com\/portada\/wp-json\/wp\/v2\/comments?post=74123"}],"version-history":[{"count":0,"href":"https:\/\/pldaldia.com\/portada\/wp-json\/wp\/v2\/posts\/74123\/revisions"}],"wp:featuredmedia":[{"embeddable":true,"href":"https:\/\/pldaldia.com\/portada\/wp-json\/wp\/v2\/media\/65375"}],"wp:attachment":[{"href":"https:\/\/pldaldia.com\/portada\/wp-json\/wp\/v2\/media?parent=74123"}],"wp:term":[{"taxonomy":"category","embeddable":true,"href":"https:\/\/pldaldia.com\/portada\/wp-json\/wp\/v2\/categories?post=74123"},{"taxonomy":"post_tag","embeddable":true,"href":"https:\/\/pldaldia.com\/portada\/wp-json\/wp\/v2\/tags?post=74123"}],"curies":[{"name":"wp","href":"https:\/\/api.w.org\/{rel}","templated":true}]}}