{"id":74125,"date":"2024-10-29T13:40:50","date_gmt":"2024-10-29T17:40:50","guid":{"rendered":"https:\/\/pldaldia.com\/portada\/?p=74125"},"modified":"2024-10-29T21:13:23","modified_gmt":"2024-10-30T01:13:23","slug":"pld-reafirma-su-lugar-en-la-historia","status":"publish","type":"post","link":"https:\/\/pldaldia.com\/portada\/pld-reafirma-su-lugar-en-la-historia\/","title":{"rendered":"PLD reafirma su lugar en la historia"},"content":{"rendered":"<p>Margarita Cede\u00f1o: \u201cEjercicio democr\u00e1tico en el PLD es una muestra importante que debe reflejarse en una mejor\u00eda de la democracia en el pa\u00eds.<\/p>\n<p>Margarita Cede\u00f1o, integrante del Comit\u00e9 Pol\u00edtico del Partido de la Liberaci\u00f3n Dominicana, declar\u00f3 que esa organizaci\u00f3n pol\u00edtica reafirm\u00f3 su lugar en la historia como un partido \u00fanico en Am\u00e9rica, en el marco del proceso electoral del X Congreso Ordinario dedicado a Reinaldo Pared P\u00e9rez.<\/p>\n<p>La ex vicepresidenta de la Rep\u00fablica manifest\u00f3 que el PLD es capaz de someterse a la autocr\u00edtica y a la evaluaci\u00f3n constante, comprometido con el fortalecimiento de sus principios y valores y dispuesto a trabajar por una democracia m\u00e1s perfecta para la Rep\u00fablica Dominicana.<\/p>\n<p>\u201cEn estos tiempos se escuchan algunas pocas voces, aunque muy ruidosas, que aspiran a la eliminaci\u00f3n de los partidos pol\u00edticos, sin advertir que, si elimin\u00e1ramos los partidos, la representaci\u00f3n pol\u00edtica en el pa\u00eds se enfrentar\u00eda a una crisis profunda, como ha sucedido en otras latitudes\u201d, subray\u00f3 Cede\u00f1o en un art\u00edculo publicado en el List\u00edn Diario y Vanguardia del Pueblo este martes.<\/p>\n<p>Puso como ejemplo el caso de Per\u00fa o de Ecuador, que se mantienen en estado de crisis constante, ante la falta del contrapeso entre el poder del Estado y los intereses sociales.<\/p>\n<p>Indic\u00f3 que para los partidos pol\u00edticos se presenta la oportunidad de mejorar los procesos internos, asegurar la transparencia y abrirse a una mayor participaci\u00f3n, de manera que pueda adaptarse a los desaf\u00edos del siglo XXI, incluyendo la digitalizaci\u00f3n, la transparencia y el acceso de m\u00e1s j\u00f3venes y mujeres. \u201cEn el PLD hemos asumido ese reto\u201d.<\/p>\n<p>Se\u00f1al\u00f3 que el ejercicio democr\u00e1tico en el PLD es una muestra importante que debe ser replicada y aplaudida por todo el sistema pol\u00edtico del pa\u00eds, porque la buena salud de las organizaciones pol\u00edticas se refleja en una mejor\u00eda de la democracia.<\/p>\n","protected":false},"excerpt":{"rendered":"<p>Margarita Cede\u00f1o: \u201cEjercicio democr\u00e1tico en el PLD es una muestra importante que debe reflejarse en una mejor\u00eda de la democracia en el pa\u00eds. Margarita Cede\u00f1o, integrante del Comit\u00e9 Pol\u00edtico del Partido de la Liberaci\u00f3n Dominicana, declar\u00f3 que esa organizaci\u00f3n pol\u00edtica reafirm\u00f3 su lugar en la historia como un partido \u00fanico en Am\u00e9rica, en el marco [&hellip;]<\/p>\n","protected":false},"author":1,"featured_media":74140,"comment_status":"open","ping_status":"open","sticky":false,"template":"","format":"standard","meta":{"tdm_status":"","tdm_grid_status":"","footnotes":""},"categories":[9],"tags":[],"_links":{"self":[{"href":"https:\/\/pldaldia.com\/portada\/wp-json\/wp\/v2\/posts\/74125"}],"collection":[{"href":"https:\/\/pldaldia.com\/portada\/wp-json\/wp\/v2\/posts"}],"about":[{"href":"https:\/\/pldaldia.com\/portada\/wp-json\/wp\/v2\/types\/post"}],"author":[{"embeddable":true,"href":"https:\/\/pldaldia.com\/portada\/wp-json\/wp\/v2\/users\/1"}],"replies":[{"embeddable":true,"href":"https:\/\/pldaldia.com\/portada\/wp-json\/wp\/v2\/comments?post=74125"}],"version-history":[{"count":0,"href":"https:\/\/pldaldia.com\/portada\/wp-json\/wp\/v2\/posts\/74125\/revisions"}],"wp:featuredmedia":[{"embeddable":true,"href":"https:\/\/pldaldia.com\/portada\/wp-json\/wp\/v2\/media\/74140"}],"wp:attachment":[{"href":"https:\/\/pldaldia.com\/portada\/wp-json\/wp\/v2\/media?parent=74125"}],"wp:term":[{"taxonomy":"category","embeddable":true,"href":"https:\/\/pldaldia.com\/portada\/wp-json\/wp\/v2\/categories?post=74125"},{"taxonomy":"post_tag","embeddable":true,"href":"https:\/\/pldaldia.com\/portada\/wp-json\/wp\/v2\/tags?post=74125"}],"curies":[{"name":"wp","href":"https:\/\/api.w.org\/{rel}","templated":true}]}}