{"id":74134,"date":"2024-10-29T14:29:57","date_gmt":"2024-10-29T18:29:57","guid":{"rendered":"https:\/\/pldaldia.com\/portada\/?p=74134"},"modified":"2024-10-29T14:29:57","modified_gmt":"2024-10-29T18:29:57","slug":"el-pld-esta-vivo-viable-fuerte-y-vigoroso","status":"publish","type":"post","link":"https:\/\/pldaldia.com\/portada\/el-pld-esta-vivo-viable-fuerte-y-vigoroso\/","title":{"rendered":"EL PLD EST\u00c1 VIVO, VIABLE, FUERTE Y VIGOROSO"},"content":{"rendered":"<p>Por: Manuel Pe\u00f1a | El Partido de la Liberaci\u00f3n Dominicana ha demostrado que es el instrumento partidario mejor estructurado y \u00fanico en Am\u00e9rica, como as\u00ed lo llamara nuestro l\u00edder hist\u00f3rico: JUAN BOSCH. Para eso el Partido ha recorrido y al mismo tiempo ha desarrollado diez Congresos desde su fundaci\u00f3n, que sin duda alguna han sido los responsables de la toma del poder pol\u00edtico de parte del Partido de Liberaci\u00f3n Dominicana en la administraci\u00f3n del Estado de manera exitosa.<\/p>\n<p>Esos Congresos de la cual nos hemos referidos fueron los siguientes: Congreso extraordinario realizado el 15 de diciembre del 1973 llamado: Juan Pablo Duarte, con este Congreso se oficializ\u00f3 el inicio de la fundaci\u00f3n del PLD, luego pasamos a la realizaci\u00f3n de los distintos Congresos Ordinarios hasta el d\u00eda de hoy: 1978 &#8211; Napier D\u00edaz Gonz\u00e1lez; 1982 &#8211; Nin Diplan; 1986 &#8211; Jaime Vargas; 1990 &#8211; Feliz Servio Ducoudray y Miguel Soto; 1994 &#8211; Manuel Espinal (Many); 2000 &#8211; Juan Bosch; 2005 &#8211; Rafael Kasse Acta; 2013 &#8211; Norge Botello; 2020 &#8211; Jos\u00e9 Joaqu\u00edn Bid\u00f3 Medina y con el X Congreso Ordinario Reinaldo Pared P\u00e9rez concluimos con 5 d\u00e9cadas de una fecunda existencia del Partido de la Liberaci\u00f3n Dominicana.<\/p>\n<p>En el d\u00eda de ayer 27 de octubre del presente a\u00f1o 2024, fue un d\u00eda memorable e hist\u00f3rico para la Rep\u00fablica Dominicana y Am\u00e9rica Latina, porque el Partido de la Liberaci\u00f3n Dominicana realiz\u00f3 la Plenaria de su Comit\u00e9 Central con la elecci\u00f3n de su Presidente, su Secretario General y los miembros de su organismo Ejecutor Pol\u00edtico en un ambiente de entusiasmo, unidad, orden y disciplina partidaria.<\/p>\n<p>Aprovechamos este espacio para felicitar a todos los miembros del Comit\u00e9 Central, a los miembros del Comit\u00e9 Pol\u00edtico y en especial al compa\u00f1ero presidente Danilo Medina y en \u00e9l al compa\u00f1ero Secretario General, Jhonny Pujols.<\/p>\n<p>A los enemigos pol\u00edtico del Partido de la Liberaci\u00f3n Dominicana les decimos que el PLD est\u00e1 vivo, viable, fuerte y vigoroso para bien del pueblo dominicano. Ahora nuestra tarea es la de trabajar hasta que no haya fuerza para seguir de pies.<\/p>\n<p>\u00a1VIVA JUAN BOSCH! \u00a1VIVA LA UNIDAD DEL PLD!<\/p>\n","protected":false},"excerpt":{"rendered":"<p>Por: Manuel Pe\u00f1a | El Partido de la Liberaci\u00f3n Dominicana ha demostrado que es el instrumento partidario mejor estructurado y \u00fanico en Am\u00e9rica, como as\u00ed lo llamara nuestro l\u00edder hist\u00f3rico: JUAN BOSCH. Para eso el Partido ha recorrido y al mismo tiempo ha desarrollado diez Congresos desde su fundaci\u00f3n, que sin duda alguna han sido [&hellip;]<\/p>\n","protected":false},"author":1,"featured_media":53457,"comment_status":"open","ping_status":"open","sticky":false,"template":"","format":"standard","meta":{"tdm_status":"","tdm_grid_status":"","footnotes":""},"categories":[53],"tags":[],"_links":{"self":[{"href":"https:\/\/pldaldia.com\/portada\/wp-json\/wp\/v2\/posts\/74134"}],"collection":[{"href":"https:\/\/pldaldia.com\/portada\/wp-json\/wp\/v2\/posts"}],"about":[{"href":"https:\/\/pldaldia.com\/portada\/wp-json\/wp\/v2\/types\/post"}],"author":[{"embeddable":true,"href":"https:\/\/pldaldia.com\/portada\/wp-json\/wp\/v2\/users\/1"}],"replies":[{"embeddable":true,"href":"https:\/\/pldaldia.com\/portada\/wp-json\/wp\/v2\/comments?post=74134"}],"version-history":[{"count":0,"href":"https:\/\/pldaldia.com\/portada\/wp-json\/wp\/v2\/posts\/74134\/revisions"}],"wp:featuredmedia":[{"embeddable":true,"href":"https:\/\/pldaldia.com\/portada\/wp-json\/wp\/v2\/media\/53457"}],"wp:attachment":[{"href":"https:\/\/pldaldia.com\/portada\/wp-json\/wp\/v2\/media?parent=74134"}],"wp:term":[{"taxonomy":"category","embeddable":true,"href":"https:\/\/pldaldia.com\/portada\/wp-json\/wp\/v2\/categories?post=74134"},{"taxonomy":"post_tag","embeddable":true,"href":"https:\/\/pldaldia.com\/portada\/wp-json\/wp\/v2\/tags?post=74134"}],"curies":[{"name":"wp","href":"https:\/\/api.w.org\/{rel}","templated":true}]}}