{"id":74136,"date":"2024-10-29T17:17:41","date_gmt":"2024-10-29T21:17:41","guid":{"rendered":"https:\/\/pldaldia.com\/portada\/?p=74136"},"modified":"2024-10-29T17:21:04","modified_gmt":"2024-10-29T21:21:04","slug":"danilo-reconoce-militancia-peledeista-elogia-trabajos-de-comision-de-x-congreso-reinaldo-pared-perez-video","status":"publish","type":"post","link":"https:\/\/pldaldia.com\/portada\/danilo-reconoce-militancia-peledeista-elogia-trabajos-de-comision-de-x-congreso-reinaldo-pared-perez-video\/","title":{"rendered":"Danilo reconoce militancia pelede\u00edsta, elogia trabajos de Comisi\u00f3n de X Congreso Reinaldo Pared P\u00e9rez | Tweet"},"content":{"rendered":"<p>Danilo Medina: \u201cEl PLD contin\u00faa fortaleci\u00e9ndose con orden y transparencia para representar la voluntad de nuestra gente\u201d<\/p>\n<p>El ex presidente de la Rep\u00fablica, Danilo Medina, calific\u00f3 de ejemplar el proceso eleccionario interno del Partido de la Liberaci\u00f3n Dominicana (PLD) en el que fue ratificado como presidente de la organizaci\u00f3n pol\u00edtica, se escogi\u00f3 Johnny Pujols, Secretario General y se complet\u00f3 la matr\u00edcula del Comit\u00e9 Pol\u00edtico.<\/p>\n<p>\u201cEste proceso ejemplar es una muestra de c\u00f3mo el PLD contin\u00faa fortaleci\u00e9ndose con orden y transparencia para representar la voluntad de nuestra gente\u201d, escribi\u00f3 Danilo Medina en unos tres mensajes en su cuenta de la red social X, anterior twitter \u00ab@DaniloMedina\u00bb.<\/p>\n<p>En el primero de los mensajes reconoci\u00f3 la militancia y dirigencia del Partido de la Liberaci\u00f3n Dominicana por su masiva participaci\u00f3n en todas las actividades del X Congreso Ordinario Reinaldo Pared P\u00e9rez, sobre todo en la fase electiva en la que primero se complet\u00f3 el Comit\u00e9 Central y luego se escogieron los miembros de su Comit\u00e9 Pol\u00edtico, organismo ejecutivo pol\u00edtico del PLD.<\/p>\n<p>\u201cMi reconocimiento al PLD en especial a los miembros del Comit\u00e9 Central por su masiva participaci\u00f3n y dedicaci\u00f3n en estas elecciones internas. La energ\u00eda y el compromiso de nuestra militancia fortalecen no solo a nuestro Partido, sino tambi\u00e9n la institucionalidad democr\u00e1tica de nuestro pa\u00eds\u201d, escribi\u00f3 Danilo Medina.<\/p>\n<p>El ratificado Presidente del Partido de la Liberaci\u00f3n Dominicana resalt\u00f3 el trabajo realizado por la Comisi\u00f3n Organizadora del X Congreso: \u201cAgradecemos a la Comisi\u00f3n Organizadora por su impecable labor en el montaje y conducci\u00f3n del acto electoral\u201d.<\/p>\n<p>Al calificar de ejemplar el proceso eleccionario con que se culmina la fase electiva del Congreso, dijo que es \u201cuna muestra de c\u00f3mo el Partido de la Liberaci\u00f3n Dominicana (PLD) contin\u00faa fortaleci\u00e9ndose con orden y transparencia para representar la voluntad de nuestra gente.<\/p>\n<p>\u201cFelicitaciones a nuestro nuevo Secretario General, Johnny Pujols y a los miembros del Comit\u00e9 Pol\u00edtico\u201d, apunt\u00f3 Danilo Medina.<\/p>\n<p>\u201cCon unidad y compromiso, trabajemos juntos para que el Partido ocupe el lugar que le corresponde. El PLD es la organizaci\u00f3n que se centra en el bienestar de la gente y en las mejores causas nacionales\u201d, apunt\u00f3 el ex mandatario en su mensaje, que cerr\u00f3 dirigi\u00e9ndose a la militancia partidaria<\/p>\n<p>\u201cAhora, el llamado a toda nuestra militancia es asegurar que nuestro motor sea siempre trabajar por los menos favorecidos, con firmeza, esmero y dedicaci\u00f3n, tal como lo hemos hecho hist\u00f3ricamente\u201d, apunt\u00f3<\/p>\n<blockquote class=\"twitter-tweet\" data-width=\"550\" data-dnt=\"true\">\n<p lang=\"es\" dir=\"ltr\">Mi reconocimiento al <a href=\"https:\/\/twitter.com\/PLDenlinea?ref_src=twsrc%5Etfw\">@PLDenlinea<\/a> en especial los miembros del Comit\u00e9 Central por su masiva participaci\u00f3n y dedicaci\u00f3n en estas elecciones internas. La energ\u00eda y el compromiso de nuestra militancia fortalecen no solo a nuestro Partido, sino tambi\u00e9n la institucionalidad democr\u00e1tica\u2026<\/p>\n<p>&mdash; Danilo Medina (@DaniloMedina) <a href=\"https:\/\/twitter.com\/DaniloMedina\/status\/1851304671056388356?ref_src=twsrc%5Etfw\">October 29, 2024<\/a><\/p><\/blockquote>\n<p><script async src=\"https:\/\/platform.twitter.com\/widgets.js\" charset=\"utf-8\"><\/script><\/p>\n","protected":false},"excerpt":{"rendered":"<p>Danilo Medina: \u201cEl PLD contin\u00faa fortaleci\u00e9ndose con orden y transparencia para representar la voluntad de nuestra gente\u201d El ex presidente de la Rep\u00fablica, Danilo Medina, calific\u00f3 de ejemplar el proceso eleccionario interno del Partido de la Liberaci\u00f3n Dominicana (PLD) en el que fue ratificado como presidente de la organizaci\u00f3n pol\u00edtica, se escogi\u00f3 Johnny Pujols, Secretario [&hellip;]<\/p>\n","protected":false},"author":1,"featured_media":74137,"comment_status":"open","ping_status":"open","sticky":false,"template":"","format":"standard","meta":{"tdm_status":"","tdm_grid_status":"","footnotes":""},"categories":[9],"tags":[],"_links":{"self":[{"href":"https:\/\/pldaldia.com\/portada\/wp-json\/wp\/v2\/posts\/74136"}],"collection":[{"href":"https:\/\/pldaldia.com\/portada\/wp-json\/wp\/v2\/posts"}],"about":[{"href":"https:\/\/pldaldia.com\/portada\/wp-json\/wp\/v2\/types\/post"}],"author":[{"embeddable":true,"href":"https:\/\/pldaldia.com\/portada\/wp-json\/wp\/v2\/users\/1"}],"replies":[{"embeddable":true,"href":"https:\/\/pldaldia.com\/portada\/wp-json\/wp\/v2\/comments?post=74136"}],"version-history":[{"count":0,"href":"https:\/\/pldaldia.com\/portada\/wp-json\/wp\/v2\/posts\/74136\/revisions"}],"wp:featuredmedia":[{"embeddable":true,"href":"https:\/\/pldaldia.com\/portada\/wp-json\/wp\/v2\/media\/74137"}],"wp:attachment":[{"href":"https:\/\/pldaldia.com\/portada\/wp-json\/wp\/v2\/media?parent=74136"}],"wp:term":[{"taxonomy":"category","embeddable":true,"href":"https:\/\/pldaldia.com\/portada\/wp-json\/wp\/v2\/categories?post=74136"},{"taxonomy":"post_tag","embeddable":true,"href":"https:\/\/pldaldia.com\/portada\/wp-json\/wp\/v2\/tags?post=74136"}],"curies":[{"name":"wp","href":"https:\/\/api.w.org\/{rel}","templated":true}]}}