{"id":74141,"date":"2024-10-30T00:57:39","date_gmt":"2024-10-30T04:57:39","guid":{"rendered":"https:\/\/pldaldia.com\/portada\/?p=74141"},"modified":"2024-10-30T00:57:39","modified_gmt":"2024-10-30T04:57:39","slug":"dia-mundial-del-fisicoculturismo-2","status":"publish","type":"post","link":"https:\/\/pldaldia.com\/portada\/dia-mundial-del-fisicoculturismo-2\/","title":{"rendered":"D\u00eda Mundial del Fisicoculturismo"},"content":{"rendered":"<p>El 30 de octubre se celebra el D\u00eda Mundial del Fisicoculturismo, una actividad f\u00edsica ampliamente practicada en varias partes del mundo, basada en el desarrollo y aumento de la masa muscular del cuerpo con objetivos est\u00e9ticos.<\/p>\n","protected":false},"excerpt":{"rendered":"<p>El 30 de octubre se celebra el D\u00eda Mundial del Fisicoculturismo, una actividad f\u00edsica ampliamente practicada en varias partes del mundo, basada en el desarrollo y aumento de la masa muscular del cuerpo con objetivos est\u00e9ticos.<\/p>\n","protected":false},"author":1,"featured_media":74142,"comment_status":"open","ping_status":"open","sticky":false,"template":"","format":"standard","meta":{"tdm_status":"","tdm_grid_status":"","footnotes":""},"categories":[57],"tags":[],"_links":{"self":[{"href":"https:\/\/pldaldia.com\/portada\/wp-json\/wp\/v2\/posts\/74141"}],"collection":[{"href":"https:\/\/pldaldia.com\/portada\/wp-json\/wp\/v2\/posts"}],"about":[{"href":"https:\/\/pldaldia.com\/portada\/wp-json\/wp\/v2\/types\/post"}],"author":[{"embeddable":true,"href":"https:\/\/pldaldia.com\/portada\/wp-json\/wp\/v2\/users\/1"}],"replies":[{"embeddable":true,"href":"https:\/\/pldaldia.com\/portada\/wp-json\/wp\/v2\/comments?post=74141"}],"version-history":[{"count":0,"href":"https:\/\/pldaldia.com\/portada\/wp-json\/wp\/v2\/posts\/74141\/revisions"}],"wp:featuredmedia":[{"embeddable":true,"href":"https:\/\/pldaldia.com\/portada\/wp-json\/wp\/v2\/media\/74142"}],"wp:attachment":[{"href":"https:\/\/pldaldia.com\/portada\/wp-json\/wp\/v2\/media?parent=74141"}],"wp:term":[{"taxonomy":"category","embeddable":true,"href":"https:\/\/pldaldia.com\/portada\/wp-json\/wp\/v2\/categories?post=74141"},{"taxonomy":"post_tag","embeddable":true,"href":"https:\/\/pldaldia.com\/portada\/wp-json\/wp\/v2\/tags?post=74141"}],"curies":[{"name":"wp","href":"https:\/\/api.w.org\/{rel}","templated":true}]}}