{"id":74147,"date":"2024-10-29T21:58:21","date_gmt":"2024-10-30T01:58:21","guid":{"rendered":"https:\/\/pldaldia.com\/portada\/?p=74147"},"modified":"2024-10-30T00:58:50","modified_gmt":"2024-10-30T04:58:50","slug":"onu-alerta-sobre-la-desaceleracion-economica-global-con-aumento-del-descontento-social","status":"publish","type":"post","link":"https:\/\/pldaldia.com\/portada\/onu-alerta-sobre-la-desaceleracion-economica-global-con-aumento-del-descontento-social\/","title":{"rendered":"ONU alerta sobre la desaceleraci\u00f3n econ\u00f3mica global, con aumento del descontento social"},"content":{"rendered":"<p>La econom\u00eda global se encamina hacia una \u00abnueva normalidad de bajo crecimiento\u00bb con tasas de en torno al 2,7 % para este a\u00f1o y el pr\u00f3ximo (frente al 3 % promedio entre 2001 y 2019), acompa\u00f1adas de una inflaci\u00f3n que aumenta el descontento social en todo el mundo, advierte un informe de la ONU que llama a replantear las estrategias de crecimiento.<br \/>\nEl informe de la organizaci\u00f3n ONU Comercio y Desarrollo (UNCTAD), presentado este martes, tambi\u00e9n subraya que el bajo crecimiento, la alta deuda, la d\u00e9bil inversi\u00f3n y la fragmentaci\u00f3n del comercio \u00abest\u00e1n exacerbando las divisiones econ\u00f3micas entre los pa\u00edses industrializados y en desarrollo\u00bb.<\/p>\n<p>\u00abHay que repensar las estrategias globales de desarrollo, reformar el sistema financiero internacional y revivir el compromiso con el multilateralismo para brindar un apoyo real a los pa\u00edses en desarrollo\u00bb, se\u00f1al\u00f3 al presentarse el informe la secretaria general de UNCTAD, la costarricense Rebeca Grynspan.<\/p>\n<p>El informe destaca que la desaceleraci\u00f3n es a\u00fan m\u00e1s aguda en el caso de las econom\u00edas en desarrollo, que crecieron un notable 6,6 % entre 2003 y 2013 y s\u00f3lo lo han hecho un 4,4 % entre 2014 y 2024, una tasa que si se excluye a la gran locomotora econ\u00f3mica china bajar\u00eda al 2,8 % en la \u00faltima d\u00e9cada.<\/p>\n","protected":false},"excerpt":{"rendered":"<p>La econom\u00eda global se encamina hacia una \u00abnueva normalidad de bajo crecimiento\u00bb con tasas de en torno al 2,7 % para este a\u00f1o y el pr\u00f3ximo (frente al 3 % promedio entre 2001 y 2019), acompa\u00f1adas de una inflaci\u00f3n que aumenta el descontento social en todo el mundo, advierte un informe de la ONU que [&hellip;]<\/p>\n","protected":false},"author":1,"featured_media":74148,"comment_status":"open","ping_status":"open","sticky":false,"template":"","format":"standard","meta":{"tdm_status":"","tdm_grid_status":"","footnotes":""},"categories":[50],"tags":[],"_links":{"self":[{"href":"https:\/\/pldaldia.com\/portada\/wp-json\/wp\/v2\/posts\/74147"}],"collection":[{"href":"https:\/\/pldaldia.com\/portada\/wp-json\/wp\/v2\/posts"}],"about":[{"href":"https:\/\/pldaldia.com\/portada\/wp-json\/wp\/v2\/types\/post"}],"author":[{"embeddable":true,"href":"https:\/\/pldaldia.com\/portada\/wp-json\/wp\/v2\/users\/1"}],"replies":[{"embeddable":true,"href":"https:\/\/pldaldia.com\/portada\/wp-json\/wp\/v2\/comments?post=74147"}],"version-history":[{"count":0,"href":"https:\/\/pldaldia.com\/portada\/wp-json\/wp\/v2\/posts\/74147\/revisions"}],"wp:featuredmedia":[{"embeddable":true,"href":"https:\/\/pldaldia.com\/portada\/wp-json\/wp\/v2\/media\/74148"}],"wp:attachment":[{"href":"https:\/\/pldaldia.com\/portada\/wp-json\/wp\/v2\/media?parent=74147"}],"wp:term":[{"taxonomy":"category","embeddable":true,"href":"https:\/\/pldaldia.com\/portada\/wp-json\/wp\/v2\/categories?post=74147"},{"taxonomy":"post_tag","embeddable":true,"href":"https:\/\/pldaldia.com\/portada\/wp-json\/wp\/v2\/tags?post=74147"}],"curies":[{"name":"wp","href":"https:\/\/api.w.org\/{rel}","templated":true}]}}