{"id":74150,"date":"2024-10-30T15:34:55","date_gmt":"2024-10-30T19:34:55","guid":{"rendered":"https:\/\/pldaldia.com\/portada\/?p=74150"},"modified":"2024-10-30T15:34:55","modified_gmt":"2024-10-30T19:34:55","slug":"danilo-medina-representa-la-unidad-del-pld","status":"publish","type":"post","link":"https:\/\/pldaldia.com\/portada\/danilo-medina-representa-la-unidad-del-pld\/","title":{"rendered":"Danilo Medina representa la unidad del PLD"},"content":{"rendered":"<p>Danilo D\u00edaz dice que el PLD es una escuela del ejercicio democr\u00e1tico en los partidos del sistema.<\/p>\n<p>El diputado Danilo D\u00edaz, miembro del Comit\u00e9 Pol\u00edtico del Partido de la Liberaci\u00f3n Dominicana (PLD) defini\u00f3 esa organizaci\u00f3n como aut\u00e9nticamente democr\u00e1tica, cualidad que ha quedado demostrada en el desarrollo del X Congreso Ordinario Reinaldo Pared P\u00e9rez.<\/p>\n<p>Dentro de la actividad congresual, D\u00edaz, resalt\u00f3 la fase electiva, que culmin\u00f3 el pasado domingo, con la que el PLD sali\u00f3 fortalecido y present\u00f3 a las dem\u00e1s fuerzas del sistema partidario un ejemplo de democracia.<\/p>\n<p>En conversaci\u00f3n con los conductores del programa A Diario, D\u00edaz destac\u00f3 la elecci\u00f3n de la elecci\u00f3n de Danilo Medina como Presidente de la organizaci\u00f3n porque el mismo representa la \u201cunidad, estabilidad y fortalece la organizaci\u00f3n y es la garant\u00eda de un \u00e1rbitro para la escogencia de un candidato para volver al poder a partir de 2028\u201d.<\/p>\n<p>\u201cDanilo Medina garantiza la unidad partidaria, condici\u00f3n necesaria para la escogencia de una candidatura que represente al Partido y a los anhelos del pueblo\u201d, dijo Danilo D\u00edaz tras resaltar la condici\u00f3n de \u00e1rbitro del ex mandatario.<\/p>\n<p>Resalt\u00f3 la uni\u00f3n de voluntades del liderazgo del PLD para que Danilo Medina fuera ratificado como Presidente de la organizaci\u00f3n pol\u00edtica, esperanzado en que conducir\u00e1 la recomposici\u00f3n partidaria y ser\u00e1 el \u00e1rbitro ideal en la elecci\u00f3n de la candidatura presidencial para el 2028.<\/p>\n<p>Adelant\u00f3 que Danilo Medina estar\u00e1 al frente de su partido y en las calles defendiendo la organizaci\u00f3n y la obra de gobierno que encabez\u00f3: \u201cVan a ver a un presidente defendiendo su obra de gobierno, la mejor obra de gobierno en la Rep\u00fablica Dominicana\u201d, dijo.<\/p>\n<p>Sostuvo tambi\u00e9n que lo ver\u00e1n en los medios de comunicaci\u00f3n, con un PLD renovado, nuevas energ\u00edas, en un momento estelar y con un nuevo Comit\u00e9 Pol\u00edtico.<\/p>\n","protected":false},"excerpt":{"rendered":"<p>Danilo D\u00edaz dice que el PLD es una escuela del ejercicio democr\u00e1tico en los partidos del sistema. El diputado Danilo D\u00edaz, miembro del Comit\u00e9 Pol\u00edtico del Partido de la Liberaci\u00f3n Dominicana (PLD) defini\u00f3 esa organizaci\u00f3n como aut\u00e9nticamente democr\u00e1tica, cualidad que ha quedado demostrada en el desarrollo del X Congreso Ordinario Reinaldo Pared P\u00e9rez. Dentro de [&hellip;]<\/p>\n","protected":false},"author":1,"featured_media":74151,"comment_status":"open","ping_status":"open","sticky":false,"template":"","format":"standard","meta":{"tdm_status":"","tdm_grid_status":"","footnotes":""},"categories":[9],"tags":[],"_links":{"self":[{"href":"https:\/\/pldaldia.com\/portada\/wp-json\/wp\/v2\/posts\/74150"}],"collection":[{"href":"https:\/\/pldaldia.com\/portada\/wp-json\/wp\/v2\/posts"}],"about":[{"href":"https:\/\/pldaldia.com\/portada\/wp-json\/wp\/v2\/types\/post"}],"author":[{"embeddable":true,"href":"https:\/\/pldaldia.com\/portada\/wp-json\/wp\/v2\/users\/1"}],"replies":[{"embeddable":true,"href":"https:\/\/pldaldia.com\/portada\/wp-json\/wp\/v2\/comments?post=74150"}],"version-history":[{"count":0,"href":"https:\/\/pldaldia.com\/portada\/wp-json\/wp\/v2\/posts\/74150\/revisions"}],"wp:featuredmedia":[{"embeddable":true,"href":"https:\/\/pldaldia.com\/portada\/wp-json\/wp\/v2\/media\/74151"}],"wp:attachment":[{"href":"https:\/\/pldaldia.com\/portada\/wp-json\/wp\/v2\/media?parent=74150"}],"wp:term":[{"taxonomy":"category","embeddable":true,"href":"https:\/\/pldaldia.com\/portada\/wp-json\/wp\/v2\/categories?post=74150"},{"taxonomy":"post_tag","embeddable":true,"href":"https:\/\/pldaldia.com\/portada\/wp-json\/wp\/v2\/tags?post=74150"}],"curies":[{"name":"wp","href":"https:\/\/api.w.org\/{rel}","templated":true}]}}