{"id":74156,"date":"2024-10-30T16:50:32","date_gmt":"2024-10-30T20:50:32","guid":{"rendered":"https:\/\/pldaldia.com\/portada\/?p=74156"},"modified":"2024-10-30T16:50:32","modified_gmt":"2024-10-30T20:50:32","slug":"pld-se-fortalece-con-su-renovacion","status":"publish","type":"post","link":"https:\/\/pldaldia.com\/portada\/pld-se-fortalece-con-su-renovacion\/","title":{"rendered":"PLD se fortalece con su renovaci\u00f3n"},"content":{"rendered":"<p>Elecci\u00f3n de direcci\u00f3n del PLD representa un equilibrio entre la experiencia y la renovaci\u00f3n de la juventud, explica Diputado Charlie Mariotti Paz<\/p>\n<p>El diputado Charlie Mariotti Paz, dijo que la elecci\u00f3n de las autoridades titulares del Partido de la Liberaci\u00f3n Dominicana manda un mensaje de equilibrio entre la experiencia y la renovaci\u00f3n de la juventud pelede\u00edsta.<\/p>\n<p>Mariotti Paz afirma que este proceso eleccionario servir\u00e1 para renovar las esperanzas de todo aquel que tiene afecto y cari\u00f1o por el PLD.<\/p>\n<p>\u201cEs un proceso natural y con la disciplina que caracteriza a los pelede\u00edstas nos hemos puesto de acuerdo, siempre a trav\u00e9s del centralismo democr\u00e1tico\u201d, expuso el tambi\u00e9n miembro del Comit\u00e9 Central en el programa Matinal 5.<\/p>\n<p>Manifest\u00f3 que la organizaci\u00f3n pol\u00edtica se fortalece con su renovaci\u00f3n y estructuras, al tiempo que escucha las bases para nutrirse en sus tomas de decisiones.<\/p>\n<p>\u201cEst\u00e1bamos abocados a hacer un trabajo a lo interno del partido. Ahora estamos en otra etapa y el rol que jugaremos ser\u00e1 preponderante y se sentir\u00e1 m\u00e1s hacia afuera porque es a la sociedad que tenemos que hablarle\u201d, expres\u00f3 el legislador.<\/p>\n<p>Dijo que en esta etapa la dirigencia del Partido debe ser un puente entre los problemas de la gente y sus posibles soluciones.<\/p>\n<p>Cuestionado sobre el C\u00f3digo Penal estim\u00f3 que este deber\u00eda ser aprobado en la presente legislatura, pues es una ley que espera la sociedad dominicana desde hace mucho tiempo.<\/p>\n<p>\u201cEsa es una necesidad hist\u00f3rica de la sociedad dominicana y una responsabilidad de los legisladores\u201d, apunt\u00f3.<\/p>\n","protected":false},"excerpt":{"rendered":"<p>Elecci\u00f3n de direcci\u00f3n del PLD representa un equilibrio entre la experiencia y la renovaci\u00f3n de la juventud, explica Diputado Charlie Mariotti Paz El diputado Charlie Mariotti Paz, dijo que la elecci\u00f3n de las autoridades titulares del Partido de la Liberaci\u00f3n Dominicana manda un mensaje de equilibrio entre la experiencia y la renovaci\u00f3n de la juventud [&hellip;]<\/p>\n","protected":false},"author":1,"featured_media":74157,"comment_status":"open","ping_status":"open","sticky":false,"template":"","format":"standard","meta":{"tdm_status":"","tdm_grid_status":"","footnotes":""},"categories":[9],"tags":[],"_links":{"self":[{"href":"https:\/\/pldaldia.com\/portada\/wp-json\/wp\/v2\/posts\/74156"}],"collection":[{"href":"https:\/\/pldaldia.com\/portada\/wp-json\/wp\/v2\/posts"}],"about":[{"href":"https:\/\/pldaldia.com\/portada\/wp-json\/wp\/v2\/types\/post"}],"author":[{"embeddable":true,"href":"https:\/\/pldaldia.com\/portada\/wp-json\/wp\/v2\/users\/1"}],"replies":[{"embeddable":true,"href":"https:\/\/pldaldia.com\/portada\/wp-json\/wp\/v2\/comments?post=74156"}],"version-history":[{"count":0,"href":"https:\/\/pldaldia.com\/portada\/wp-json\/wp\/v2\/posts\/74156\/revisions"}],"wp:featuredmedia":[{"embeddable":true,"href":"https:\/\/pldaldia.com\/portada\/wp-json\/wp\/v2\/media\/74157"}],"wp:attachment":[{"href":"https:\/\/pldaldia.com\/portada\/wp-json\/wp\/v2\/media?parent=74156"}],"wp:term":[{"taxonomy":"category","embeddable":true,"href":"https:\/\/pldaldia.com\/portada\/wp-json\/wp\/v2\/categories?post=74156"},{"taxonomy":"post_tag","embeddable":true,"href":"https:\/\/pldaldia.com\/portada\/wp-json\/wp\/v2\/tags?post=74156"}],"curies":[{"name":"wp","href":"https:\/\/api.w.org\/{rel}","templated":true}]}}