{"id":74159,"date":"2024-10-30T19:01:17","date_gmt":"2024-10-30T23:01:17","guid":{"rendered":"https:\/\/pldaldia.com\/portada\/?p=74159"},"modified":"2024-10-30T19:01:17","modified_gmt":"2024-10-30T23:01:17","slug":"francisco-javier-asegura-pld-esta-fuerte-cohesionado","status":"publish","type":"post","link":"https:\/\/pldaldia.com\/portada\/francisco-javier-asegura-pld-esta-fuerte-cohesionado\/","title":{"rendered":"Francisco Javier asegura PLD est\u00e1 fuerte, cohesionado"},"content":{"rendered":"<p>El Partido de la Liberaci\u00f3n Dominicana (PLD) est\u00e1 fuerte, cohesionado y esperanzado para ganar las elecciones del a\u00f1o 2028, Francisco Javier Garc\u00eda, ratificado miembro del Comit\u00e9 Politico. <\/p>\n<p>Dijo que el \u00e9xito alcanzado durante la celebraci\u00f3n del X Congreso Ordinario Reinaldo Pared P\u00e9rez demostr\u00f3 que el PLD representa la agrupaci\u00f3n pol\u00edtica de mayor fortaleza e incidencia en la vida del pa\u00eds.<\/p>\n<p>Garc\u00eda se refiri\u00f3 al tema durante una reuni\u00f3n que sostuvo con los dirigentes Emiliano Espinosa y Pedro Pablo Zorrilla, miembros del Comit\u00e9 Central residentes en Nueva York, Estados Unidos.<\/p>\n<p>Va a exterior<\/p>\n<p>El estratega pelede\u00edsta dijo que a partir de la pr\u00f3xima semana iniciar\u00e1 visitas al exterior para reunirse con la direcci\u00f3n del PLD para explicarle sobre sus propuestas <\/p>\n<p>Precis\u00f3 que comenzar\u00e1 el periplo por el Este de los Estados Unidos, donde vive la mayor\u00eda de los dominicanos que por diferentes razones ha dejado la Rep\u00fablica Dominicana.<\/p>\n","protected":false},"excerpt":{"rendered":"<p>El Partido de la Liberaci\u00f3n Dominicana (PLD) est\u00e1 fuerte, cohesionado y esperanzado para ganar las elecciones del a\u00f1o 2028, Francisco Javier Garc\u00eda, ratificado miembro del Comit\u00e9 Politico. Dijo que el \u00e9xito alcanzado durante la celebraci\u00f3n del X Congreso Ordinario Reinaldo Pared P\u00e9rez demostr\u00f3 que el PLD representa la agrupaci\u00f3n pol\u00edtica de mayor fortaleza e incidencia [&hellip;]<\/p>\n","protected":false},"author":1,"featured_media":74160,"comment_status":"open","ping_status":"open","sticky":false,"template":"","format":"standard","meta":{"tdm_status":"","tdm_grid_status":"","footnotes":""},"categories":[9],"tags":[],"_links":{"self":[{"href":"https:\/\/pldaldia.com\/portada\/wp-json\/wp\/v2\/posts\/74159"}],"collection":[{"href":"https:\/\/pldaldia.com\/portada\/wp-json\/wp\/v2\/posts"}],"about":[{"href":"https:\/\/pldaldia.com\/portada\/wp-json\/wp\/v2\/types\/post"}],"author":[{"embeddable":true,"href":"https:\/\/pldaldia.com\/portada\/wp-json\/wp\/v2\/users\/1"}],"replies":[{"embeddable":true,"href":"https:\/\/pldaldia.com\/portada\/wp-json\/wp\/v2\/comments?post=74159"}],"version-history":[{"count":0,"href":"https:\/\/pldaldia.com\/portada\/wp-json\/wp\/v2\/posts\/74159\/revisions"}],"wp:featuredmedia":[{"embeddable":true,"href":"https:\/\/pldaldia.com\/portada\/wp-json\/wp\/v2\/media\/74160"}],"wp:attachment":[{"href":"https:\/\/pldaldia.com\/portada\/wp-json\/wp\/v2\/media?parent=74159"}],"wp:term":[{"taxonomy":"category","embeddable":true,"href":"https:\/\/pldaldia.com\/portada\/wp-json\/wp\/v2\/categories?post=74159"},{"taxonomy":"post_tag","embeddable":true,"href":"https:\/\/pldaldia.com\/portada\/wp-json\/wp\/v2\/tags?post=74159"}],"curies":[{"name":"wp","href":"https:\/\/api.w.org\/{rel}","templated":true}]}}