{"id":7416,"date":"2016-11-15T20:55:26","date_gmt":"2016-11-15T20:55:26","guid":{"rendered":"http:\/\/pldaldia.com\/portada\/?p=7416"},"modified":"2016-11-24T20:55:41","modified_gmt":"2016-11-24T20:55:41","slug":"presidente-de-guatemala-insta-a-la-calma-a-migrantes-en-ee-uu","status":"publish","type":"post","link":"https:\/\/pldaldia.com\/portada\/presidente-de-guatemala-insta-a-la-calma-a-migrantes-en-ee-uu\/","title":{"rendered":"Presidente de Guatemala insta a la calma a migrantes en EE.UU."},"content":{"rendered":"<p>El presidente de Guatemala, Jimmy Morales, inst\u00f3 hoy a la calma a los migrantes en Estados Unidos ante el anuncio de la posible reedici\u00f3n de las redadas y deportaciones de personas con causas pendientes en ese pa\u00eds.<\/p>\n<p>\u00abCon mucha preocupaci\u00f3n he podido percibir la inseguridad y angustia que nuestros migrantes respiran en los Estado Unidos. Es por ello que como presidente de Guatemala les hago un llamado a mantener la calma e informarse bien en todo momento\u00bb, se\u00f1al\u00f3 a trav\u00e9s de las redes sociales.<\/p>\n<p><strong>Elecciones en Francia y el temor del \u00abefecto Trump\u00bb<br \/>\n<\/strong><strong><br \/>\n<\/strong>Tras la victoria de Donald Trump, considerada por muchos la opci\u00f3n m\u00e1s improbable, Francia se mira en el espejo estadounidense y comienza a evaluar la posibilidad de que en sus presidenciales tambi\u00e9n triunfe lo \u00abimprobable\u00bb: el ultraderechista Frente Nacional (FN).<\/p>\n<p>Resulta que la secuencia de improbables se alarga en los \u00faltimos tiempos: triunf\u00f3 el Brexit, gan\u00f3 el No a la paz en Colombia, venci\u00f3 Trump en Estados Unidos, y ahora muchos franceses temen ser el pr\u00f3ximo eslab\u00f3n en esta cadena.<\/p>\n<p><strong>Noti resumen internacional <\/strong><\/p>\n<p>Defensores de derechos humanos, agrupaciones de mujeres y ocupantes del capitalino campamento por la paz, convocaron a los colombianos a marchar hoy en Bogot\u00e1 para exigir la urgente implementaci\u00f3n del pacto con las FARC-EP.<\/p>\n<p>\u2026\u2026\u2026\u2026\u2026\u2026.<\/p>\n<p>En una carrera contra reloj, el Senado argentino retomar\u00e1 hoy en comisiones los debates sobre la reforma electoral, que incluye la puesta en marcha del voto electr\u00f3nico.<\/p>\n<p>\u2026\u2026\u2026\u2026\u2026..<\/p>\n<p>La IV Cumbre Cooperativa de las Am\u00e9ricas inicia hoy en Montevideo con la asistencia de unos mil delegados de Am\u00e9rica Latina y el Caribe, quienes reflexionar\u00e1n y definir\u00e1n iniciativas conjuntas en funci\u00f3n del desarrollo del cooperativismo<\/p>\n","protected":false},"excerpt":{"rendered":"<p>El presidente de Guatemala, Jimmy Morales, inst\u00f3 hoy a la calma a los migrantes en Estados Unidos ante el anuncio de la posible reedici\u00f3n de las redadas y deportaciones de personas con causas pendientes en ese pa\u00eds. \u00abCon mucha preocupaci\u00f3n he podido percibir la inseguridad y angustia que nuestros migrantes respiran en los Estado Unidos. [&hellip;]<\/p>\n","protected":false},"author":1,"featured_media":0,"comment_status":"closed","ping_status":"closed","sticky":false,"template":"","format":"standard","meta":{"tdm_status":"","tdm_grid_status":"","footnotes":""},"categories":[9],"tags":[],"_links":{"self":[{"href":"https:\/\/pldaldia.com\/portada\/wp-json\/wp\/v2\/posts\/7416"}],"collection":[{"href":"https:\/\/pldaldia.com\/portada\/wp-json\/wp\/v2\/posts"}],"about":[{"href":"https:\/\/pldaldia.com\/portada\/wp-json\/wp\/v2\/types\/post"}],"author":[{"embeddable":true,"href":"https:\/\/pldaldia.com\/portada\/wp-json\/wp\/v2\/users\/1"}],"replies":[{"embeddable":true,"href":"https:\/\/pldaldia.com\/portada\/wp-json\/wp\/v2\/comments?post=7416"}],"version-history":[{"count":0,"href":"https:\/\/pldaldia.com\/portada\/wp-json\/wp\/v2\/posts\/7416\/revisions"}],"wp:attachment":[{"href":"https:\/\/pldaldia.com\/portada\/wp-json\/wp\/v2\/media?parent=7416"}],"wp:term":[{"taxonomy":"category","embeddable":true,"href":"https:\/\/pldaldia.com\/portada\/wp-json\/wp\/v2\/categories?post=7416"},{"taxonomy":"post_tag","embeddable":true,"href":"https:\/\/pldaldia.com\/portada\/wp-json\/wp\/v2\/tags?post=7416"}],"curies":[{"name":"wp","href":"https:\/\/api.w.org\/{rel}","templated":true}]}}